{"id":50661,"date":"2024-02-16T16:27:51","date_gmt":"2024-02-16T15:27:51","guid":{"rendered":"https:\/\/juanjosuarez.life\/?p=50661"},"modified":"2024-02-16T16:41:56","modified_gmt":"2024-02-16T15:41:56","slug":"que-sentiran-las-ratas","status":"publish","type":"post","link":"https:\/\/juanjosuarez.life\/en\/que-sentiran-las-ratas\/","title":{"rendered":"\u00bfQu\u00e9 sentir\u00e1n las ratas?"},"content":{"rendered":"<div class=\"wpb-content-wrapper\">\n<div class=\"vc_row wpb_row vc_row-fluid\">\n\t\t<div class=\"wpb_column vc_column_container vc_col-sm-8\"><div class=\"vc_column-inner\"><div class=\"wpb_wrapper\">\n\t<div class=\"wpb_text_column wpb_content_element\" >\n\t\t<div class=\"wpb_wrapper\">\n\t\t\t<p>Tengo un pensamiento y una pregunta \u00bfTe has dado cuenta que en este tiempo pruebas todo lo que te dicen? Este tipo de mascarilla es mejor. Tienes que usar este traje de protecci\u00f3n. Usa este qu\u00edmico para matar el virus. L\u00e1vate las manos de esta forma. Desinfecta tus alimentos as\u00ed. Y con todo esto la imagen que hace mi mente es algo as\u00ed\u2026<\/p>\n\n\t\t<\/div>\n\t<\/div>\n\n\t<div  class=\"wpb_single_image wpb_content_element vc_align_center\">\n\t\t\n\t\t<figure class=\"wpb_wrapper vc_figure\">\n\t\t\t<div class=\"vc_single_image-wrapper   vc_box_border_grey\"><img fetchpriority=\"high\" decoding=\"async\" width=\"591\" height=\"812\" src=\"https:\/\/juanjosuarez.life\/wp-content\/uploads\/2024\/02\/img_5751.jpg\" class=\"vc_single_image-img attachment-full\" alt=\"\" title=\"img_5751\" srcset=\"https:\/\/juanjosuarez.life\/wp-content\/uploads\/2024\/02\/img_5751.jpg 591w, https:\/\/juanjosuarez.life\/wp-content\/uploads\/2024\/02\/img_5751-218x300.jpg 218w\" sizes=\"(max-width: 591px) 100vw, 591px\" \/><\/div>\n\t\t<\/figure>\n\t<\/div>\n\n\t<div class=\"wpb_text_column wpb_content_element\" >\n\t\t<div class=\"wpb_wrapper\">\n\t\t\t<blockquote>\n<p>Somos t\u00edteres de la histeria colectiva<\/p>\n<\/blockquote>\n\n\t\t<\/div>\n\t<\/div>\n<div class=\"vc_row wpb_row vc_inner vc_row-fluid vc_row-o-content-middle vc_row-flex\"><div class=\"wpb_column vc_column_container vc_col-sm-6\"><div class=\"vc_column-inner\"><div class=\"wpb_wrapper\">\n\t<div  class=\"wpb_single_image wpb_content_element vc_align_center\">\n\t\t\n\t\t<figure class=\"wpb_wrapper vc_figure\">\n\t\t\t<div class=\"vc_single_image-wrapper   vc_box_border_grey\"><img decoding=\"async\" width=\"1230\" height=\"692\" src=\"https:\/\/juanjosuarez.life\/wp-content\/uploads\/2024\/02\/img_5752.jpg\" class=\"vc_single_image-img attachment-full\" alt=\"\" title=\"img_5752\" srcset=\"https:\/\/juanjosuarez.life\/wp-content\/uploads\/2024\/02\/img_5752.jpg 1230w, https:\/\/juanjosuarez.life\/wp-content\/uploads\/2024\/02\/img_5752-300x169.jpg 300w, https:\/\/juanjosuarez.life\/wp-content\/uploads\/2024\/02\/img_5752-1024x576.jpg 1024w, https:\/\/juanjosuarez.life\/wp-content\/uploads\/2024\/02\/img_5752-768x432.jpg 768w, https:\/\/juanjosuarez.life\/wp-content\/uploads\/2024\/02\/img_5752-270x153.jpg 270w, https:\/\/juanjosuarez.life\/wp-content\/uploads\/2024\/02\/img_5752-600x338.jpg 600w\" sizes=\"(max-width: 1230px) 100vw, 1230px\" \/><\/div>\n\t\t<\/figure>\n\t<\/div>\n<\/div><\/div><\/div><div class=\"wpb_column vc_column_container vc_col-sm-6\"><div class=\"vc_column-inner\"><div class=\"wpb_wrapper\">\n\t<div class=\"wpb_text_column wpb_content_element\" >\n\t\t<div class=\"wpb_wrapper\">\n\t\t\t<p>Muchos en la espera de una vacuna, otro tanto en el camino de \u201cfortalecer\u201d su sistema inmunol\u00f3gico, otros buscando adaptar nuestro estilo de vida, a la \u201cnueva normalidad\u201d encerr\u00e1ndonos en burbujas de pl\u00e1stico y ba\u00f1\u00e1ndonos con qu\u00edmicos antes de ingresar a un lugar. Y todo desde la necesidad de tener una resultado positivo ante lo que estamos viviendo. Pero saben qu\u00e9.\u00a0<strong>A las ratas nunca se les informa cu\u00e1l es el resultado que se busca con un experimento.\u00a0<\/strong>Solo se las usa.<\/p>\n\n\t\t<\/div>\n\t<\/div>\n\n\t<div class=\"wpb_text_column wpb_content_element\" >\n\t\t<div class=\"wpb_wrapper\">\n\t\t\t<p>Con esto solo quiero decir, que vale la pena usar nuestra condici\u00f3n humana y cuestionar un poco lo que pasa y lo que se propone hoy en d\u00eda, vivir cada d\u00eda con consciencia y con presencia plena en lo que estamos haciendo. Ante una noticia, ante un nuevo implemente que sale al mercado, parar un segundo, respirar, tomar consciencia y preguntarnos. \u00bfSer\u00e1 verdad? \u00bfSer\u00e1 que esto me sirve? \u00bfQue resultado voy a obtener si lo hago? \u00bfQue necesidad quiero suplir comprando este producto?<\/p>\n\n\t\t<\/div>\n\t<\/div>\n<\/div><\/div><\/div><\/div><div class=\"vc_row wpb_row vc_inner vc_row-fluid vc_row-o-content-middle vc_row-flex\"><div class=\"wpb_column vc_column_container vc_col-sm-6\"><div class=\"vc_column-inner\"><div class=\"wpb_wrapper\">\n\t<div class=\"wpb_text_column wpb_content_element\" >\n\t\t<div class=\"wpb_wrapper\">\n\t\t\t<p>No se si las ratas tienen consciencia plena, no se si se cuestionan las cosas, lo que se, es que en nombre de la ciencia, se ha probado tanto en ellas, y al no poder decidir sobre su cuerpo, sobre su vida, sobre su existencia, las siguen usando. Y ellas siguen sin saber cu\u00e1l es el resultado que se espera del experimento. Cuestiona, no seas como la rata.<\/p>\n\n\t\t<\/div>\n\t<\/div>\n<\/div><\/div><\/div><div class=\"wpb_column vc_column_container vc_col-sm-6\"><div class=\"vc_column-inner\"><div class=\"wpb_wrapper\">\n\t<div  class=\"wpb_single_image wpb_content_element vc_align_center\">\n\t\t\n\t\t<figure class=\"wpb_wrapper vc_figure\">\n\t\t\t<div class=\"vc_single_image-wrapper   vc_box_border_grey\"><img decoding=\"async\" width=\"640\" height=\"425\" src=\"https:\/\/juanjosuarez.life\/wp-content\/uploads\/2024\/02\/img_5753.jpg\" class=\"vc_single_image-img attachment-full\" alt=\"\" title=\"img_5753\" srcset=\"https:\/\/juanjosuarez.life\/wp-content\/uploads\/2024\/02\/img_5753.jpg 640w, https:\/\/juanjosuarez.life\/wp-content\/uploads\/2024\/02\/img_5753-300x199.jpg 300w, https:\/\/juanjosuarez.life\/wp-content\/uploads\/2024\/02\/img_5753-270x180.jpg 270w, https:\/\/juanjosuarez.life\/wp-content\/uploads\/2024\/02\/img_5753-600x398.jpg 600w\" sizes=\"(max-width: 640px) 100vw, 640px\" \/><\/div>\n\t\t<\/figure>\n\t<\/div>\n<\/div><\/div><\/div><\/div><\/div><\/div><\/div><div class=\"wpb_column vc_column_container vc_col-sm-4\"><div class=\"vc_column-inner\"><div class=\"wpb_wrapper\"><div  class=\"wpb_widgetised_column wpb_content_element\">\n\t\t<div class=\"wpb_wrapper\">\n\t\t\t\n\t\t\t<aside id=\"stm_recent_posts-3\" class=\"widget widget_stm_recent_posts\"><div class=\"widget_title\"><h3>Entradas Recientes<\/h3><\/div>\t\t\t                <div class=\"widget_media clearfix widget_media_style_1\">\n\t\t\t\t\t<a href=\"https:\/\/juanjosuarez.life\/en\/renacer-en-la-consciencia\/\">\n\t\t\t<img loading=\"lazy\" decoding=\"async\" width=\"63\" height=\"50\" src=\"https:\/\/juanjosuarez.life\/wp-content\/uploads\/2024\/02\/img_2943-1-63x50.webp\" class=\"img-responsive wp-post-image\" alt=\"\" srcset=\"https:\/\/juanjosuarez.life\/wp-content\/uploads\/2024\/02\/img_2943-1-63x50.webp 63w, https:\/\/juanjosuarez.life\/wp-content\/uploads\/2024\/02\/img_2943-1-480x380.webp 480w, https:\/\/juanjosuarez.life\/wp-content\/uploads\/2024\/02\/img_2943-1-16x12.webp 16w\" sizes=\"(max-width: 63px) 100vw, 63px\" \/>\t\t<span class=\"h6\">Renacer en la consciencia<\/span>\n<\/a>\n\t<div class=\"cats_w\">\n\t\t\t\t\t<a href=\"https:\/\/juanjosuarez.life\/en\/category\/quebrando-cascarones\/\">\n                Quebrando Cascarones            <\/a><span class=\"comma\">,<\/span>\n\t\t\t<\/div>\n                <\/div>\n\t\t\t                <div class=\"widget_media clearfix widget_media_style_1\">\n\t\t\t\t\t<a href=\"https:\/\/juanjosuarez.life\/en\/no-te-lo-tomes-personal\/\">\n\t\t\t<img loading=\"lazy\" decoding=\"async\" width=\"63\" height=\"50\" src=\"https:\/\/juanjosuarez.life\/wp-content\/uploads\/2024\/02\/image-63x50.webp\" class=\"img-responsive wp-post-image\" alt=\"\" srcset=\"https:\/\/juanjosuarez.life\/wp-content\/uploads\/2024\/02\/image-63x50.webp 63w, https:\/\/juanjosuarez.life\/wp-content\/uploads\/2024\/02\/image-979x800.webp 979w, https:\/\/juanjosuarez.life\/wp-content\/uploads\/2024\/02\/image-480x380.webp 480w\" sizes=\"(max-width: 63px) 100vw, 63px\" \/>\t\t<span class=\"h6\">No te lo tomes personal<\/span>\n<\/a>\n\t<div class=\"cats_w\">\n\t\t\t\t\t<a href=\"https:\/\/juanjosuarez.life\/en\/category\/quebrando-cascarones\/\">\n                Quebrando Cascarones            <\/a><span class=\"comma\">,<\/span>\n\t\t\t<\/div>\n                <\/div>\n\t\t\t                <div class=\"widget_media clearfix widget_media_style_1\">\n\t\t\t\t\t<a href=\"https:\/\/juanjosuarez.life\/en\/estamos-luchando-por-la-humanidad-o-se-activo-nuestro-instinto-de-supervivencia\/\">\n\t\t\t<img loading=\"lazy\" decoding=\"async\" width=\"63\" height=\"50\" src=\"https:\/\/juanjosuarez.life\/wp-content\/uploads\/2024\/02\/img_5111-63x50.jpg\" class=\"img-responsive wp-post-image\" alt=\"\" srcset=\"https:\/\/juanjosuarez.life\/wp-content\/uploads\/2024\/02\/img_5111-63x50.jpg 63w, https:\/\/juanjosuarez.life\/wp-content\/uploads\/2024\/02\/img_5111-480x380.jpg 480w\" sizes=\"(max-width: 63px) 100vw, 63px\" \/>\t\t<span class=\"h6\">\u00bfEstamos luchando por la Humanidad o s\u00e9 activo nuestro instinto de supervivencia?<\/span>\n<\/a>\n\t<div class=\"cats_w\">\n\t\t\t\t\t<a href=\"https:\/\/juanjosuarez.life\/en\/category\/quebrando-cascarones\/\">\n                Quebrando Cascarones            <\/a><span class=\"comma\">,<\/span>\n\t\t\t<\/div>\n                <\/div>\n\t\t\t\t\t\t\t\t<\/aside><aside id=\"block-11\" class=\"widget widget_block widget_text\">\n<p><strong>Juan Jos\u00e9 Su\u00e1rez Vinueza<\/strong>, o Juanjo, como fui conocido desde mi infancia, nacido en Cuenca-Ecuador. Con 36 a\u00f1os, entre en el camino del desarrollo personal desde hace 4 a\u00f1os y pude descubrir que para recuperar tu salud, primero tienes que recuperarte a ti mismo. Fisioterapeuta de profesi\u00f3n, desde hace 14 a\u00f1os, tiempo en el que me he ido formado y capacitando para dar cada vez un mejor servicio a la comunidad.<\/p>\n<\/aside><aside id=\"search-2\" class=\"widget widget_search\"><div class=\"widget_title\"><h3>B\u00fasqueda<\/h3><\/div><form role=\"search\" method=\"get\" class=\"search-form\" action=\"\/en\/\" data-trp-original-action=\"https:\/\/juanjosuarez.life\/en\/\">\n\t\t\t\t<label>\n\t\t\t\t\t<span class=\"screen-reader-text\">Search for:<\/span>\n\t\t\t\t\t<input type=\"search\" class=\"search-field\" placeholder=\"Search &hellip;\" value=\"\" name=\"s\" \/>\n\t\t\t\t<\/label>\n\t\t\t\t<input type=\"submit\" class=\"search-submit\" value=\"Search\" \/>\n\t\t\t<input type=\"hidden\" name=\"trp-form-language\" value=\"en\"\/><\/form><\/aside>\n\t\t<\/div>\n\t<\/div>\n<\/div><\/div><\/div><\/div>\n\n<\/div>","protected":false},"excerpt":{"rendered":"Creas lo que crees. \u00bfEn qu\u00e9 mundo quieres vivir? El momento que vivimos hoy, me ha llevado a pensar en algunas cosas, que las escribo para poderlas compartir. No hace falta ser un erudito en el tema, para darnos cuenta que lo que esta pasando hoy en d\u00eda, con esto del virus y del aislamiento, [...]","protected":false},"author":1,"featured_media":50667,"comment_status":"open","ping_status":"open","sticky":false,"template":"","format":"standard","meta":{"_acf_changed":false,"pmpro_default_level":0,"footnotes":""},"categories":[97],"tags":[],"class_list":["post-50661","post","type-post","status-publish","format-standard","has-post-thumbnail","hentry","category-quebrando-cascarones","pmpro-has-access"],"acf":[],"yoast_head":"<!-- This site is optimized with the Yoast SEO plugin v22.2 - https:\/\/yoast.com\/wordpress\/plugins\/seo\/ -->\n<title>\u00bfQu\u00e9 sentir\u00e1n las ratas? - Juanjo Su\u00e1rez<\/title>\n<meta name=\"robots\" content=\"index, follow, max-snippet:-1, max-image-preview:large, max-video-preview:-1\" \/>\n<link rel=\"canonical\" href=\"https:\/\/juanjosuarez.life\/en\/que-sentiran-las-ratas\/\" \/>\n<meta property=\"og:locale\" content=\"en_GB\" \/>\n<meta property=\"og:type\" content=\"article\" \/>\n<meta property=\"og:title\" content=\"\u00bfQu\u00e9 sentir\u00e1n las ratas? - Juanjo Su\u00e1rez\" \/>\n<meta property=\"og:url\" content=\"https:\/\/juanjosuarez.life\/en\/que-sentiran-las-ratas\/\" \/>\n<meta property=\"og:site_name\" content=\"Juanjo Su\u00e1rez\" \/>\n<meta property=\"article:published_time\" content=\"2024-02-16T15:27:51+00:00\" \/>\n<meta property=\"article:modified_time\" content=\"2024-02-16T15:41:56+00:00\" \/>\n<meta property=\"og:image\" content=\"https:\/\/juanjosuarez.life\/wp-content\/uploads\/2024\/02\/img_5751.jpg\" \/>\n\t<meta property=\"og:image:width\" content=\"591\" \/>\n\t<meta property=\"og:image:height\" content=\"812\" \/>\n\t<meta property=\"og:image:type\" content=\"image\/jpeg\" \/>\n<meta name=\"author\" content=\"evelyn_mcm\" \/>\n<meta name=\"twitter:card\" content=\"summary_large_image\" \/>\n<script type=\"application\/ld+json\" class=\"yoast-schema-graph\">{\"@context\":\"https:\/\/schema.org\",\"@graph\":[{\"@type\":\"WebPage\",\"@id\":\"https:\/\/juanjosuarez.life\/en\/que-sentiran-las-ratas\/\",\"url\":\"https:\/\/juanjosuarez.life\/en\/que-sentiran-las-ratas\/\",\"name\":\"\u00bfQu\u00e9 sentir\u00e1n las ratas? - Juanjo Su\u00e1rez\",\"isPartOf\":{\"@id\":\"https:\/\/juanjosuarez.life\/en\/#website\"},\"primaryImageOfPage\":{\"@id\":\"https:\/\/juanjosuarez.life\/en\/que-sentiran-las-ratas\/#primaryimage\"},\"image\":{\"@id\":\"https:\/\/juanjosuarez.life\/en\/que-sentiran-las-ratas\/#primaryimage\"},\"thumbnailUrl\":\"https:\/\/juanjosuarez.life\/wp-content\/uploads\/2024\/02\/img_5751.jpg\",\"datePublished\":\"2024-02-16T15:27:51+00:00\",\"dateModified\":\"2024-02-16T15:41:56+00:00\",\"author\":{\"@id\":\"https:\/\/juanjosuarez.life\/en\/#\/schema\/person\/85d74d905b29a0ee095fbc68f4b66cd0\"},\"breadcrumb\":{\"@id\":\"https:\/\/juanjosuarez.life\/en\/que-sentiran-las-ratas\/#breadcrumb\"},\"inLanguage\":\"en-GB\",\"potentialAction\":[{\"@type\":\"ReadAction\",\"target\":[\"https:\/\/juanjosuarez.life\/en\/que-sentiran-las-ratas\/\"]}]},{\"@type\":\"ImageObject\",\"inLanguage\":\"en-GB\",\"@id\":\"https:\/\/juanjosuarez.life\/en\/que-sentiran-las-ratas\/#primaryimage\",\"url\":\"https:\/\/juanjosuarez.life\/wp-content\/uploads\/2024\/02\/img_5751.jpg\",\"contentUrl\":\"https:\/\/juanjosuarez.life\/wp-content\/uploads\/2024\/02\/img_5751.jpg\",\"width\":591,\"height\":812},{\"@type\":\"BreadcrumbList\",\"@id\":\"https:\/\/juanjosuarez.life\/en\/que-sentiran-las-ratas\/#breadcrumb\",\"itemListElement\":[{\"@type\":\"ListItem\",\"position\":1,\"name\":\"Juanjo Su\u00e1rez\",\"item\":\"https:\/\/juanjosuarez.life\/en\/\"},{\"@type\":\"ListItem\",\"position\":2,\"name\":\"\u00bfQu\u00e9 sentir\u00e1n las ratas?\"}]},{\"@type\":\"WebSite\",\"@id\":\"https:\/\/juanjosuarez.life\/en\/#website\",\"url\":\"https:\/\/juanjosuarez.life\/en\/\",\"name\":\"Juanjo Su\u00e1rez\",\"description\":\"Juan Jos\u00e9 Su\u00e1rez Vinueza, o Juanjo, como fui conocido desde mi infancia, nacido en Cuenca-Ecuador. Mi formaci\u00f3n me hacia pensar el cuerpo como la estructura que nos dirige. A los 33 a\u00f1os, entr\u00e9 en el camino del desarrollo personal, por una invitaci\u00f3n de la vida para corregir \u00e1reas de mi vida con las que no estaba conforme. Y pude descubrir que para recuperar tu salud, primero tienes que recuperarte a ti mismo. Fisioterapeuta de profesi\u00f3n, llevo ejerciendo desde el a\u00f1o 2007, tiempo en el que me he ido formado y capacitando para dar cada vez un mejor servicio a la comunidad.\",\"potentialAction\":[{\"@type\":\"SearchAction\",\"target\":{\"@type\":\"EntryPoint\",\"urlTemplate\":\"https:\/\/juanjosuarez.life\/en\/?s={search_term_string}\"},\"query-input\":\"required name=search_term_string\"}],\"inLanguage\":\"en-GB\"},{\"@type\":\"Person\",\"@id\":\"https:\/\/juanjosuarez.life\/en\/#\/schema\/person\/85d74d905b29a0ee095fbc68f4b66cd0\",\"name\":\"evelyn_mcm\",\"image\":{\"@type\":\"ImageObject\",\"inLanguage\":\"en-GB\",\"@id\":\"https:\/\/juanjosuarez.life\/en\/#\/schema\/person\/image\/\",\"url\":\"https:\/\/secure.gravatar.com\/avatar\/e5976c405a87520c568ea00166d5badc844cccf3c58e624e2323f6fc1304b516?s=96&d=mm&r=g\",\"contentUrl\":\"https:\/\/secure.gravatar.com\/avatar\/e5976c405a87520c568ea00166d5badc844cccf3c58e624e2323f6fc1304b516?s=96&d=mm&r=g\",\"caption\":\"evelyn_mcm\"},\"sameAs\":[\"https:\/\/juanjosuarez.life\"],\"url\":\"https:\/\/juanjosuarez.life\/en\/author\/evelyn_mcm\/\"}]}<\/script>\n<!-- \/ Yoast SEO plugin. -->","yoast_head_json":{"title":"\u00bfQu\u00e9 sentir\u00e1n las ratas? - Juanjo Su\u00e1rez","robots":{"index":"index","follow":"follow","max-snippet":"max-snippet:-1","max-image-preview":"max-image-preview:large","max-video-preview":"max-video-preview:-1"},"canonical":"https:\/\/juanjosuarez.life\/en\/que-sentiran-las-ratas\/","og_locale":"en_GB","og_type":"article","og_title":"\u00bfQu\u00e9 sentir\u00e1n las ratas? - Juanjo Su\u00e1rez","og_url":"https:\/\/juanjosuarez.life\/en\/que-sentiran-las-ratas\/","og_site_name":"Juanjo Su\u00e1rez","article_published_time":"2024-02-16T15:27:51+00:00","article_modified_time":"2024-02-16T15:41:56+00:00","og_image":[{"width":591,"height":812,"url":"https:\/\/juanjosuarez.life\/wp-content\/uploads\/2024\/02\/img_5751.jpg","type":"image\/jpeg"}],"author":"evelyn_mcm","twitter_card":"summary_large_image","schema":{"@context":"https:\/\/schema.org","@graph":[{"@type":"WebPage","@id":"https:\/\/juanjosuarez.life\/en\/que-sentiran-las-ratas\/","url":"https:\/\/juanjosuarez.life\/en\/que-sentiran-las-ratas\/","name":"\u00bfQu\u00e9 sentir\u00e1n las ratas? - Juanjo Su\u00e1rez","isPartOf":{"@id":"https:\/\/juanjosuarez.life\/en\/#website"},"primaryImageOfPage":{"@id":"https:\/\/juanjosuarez.life\/en\/que-sentiran-las-ratas\/#primaryimage"},"image":{"@id":"https:\/\/juanjosuarez.life\/en\/que-sentiran-las-ratas\/#primaryimage"},"thumbnailUrl":"https:\/\/juanjosuarez.life\/wp-content\/uploads\/2024\/02\/img_5751.jpg","datePublished":"2024-02-16T15:27:51+00:00","dateModified":"2024-02-16T15:41:56+00:00","author":{"@id":"https:\/\/juanjosuarez.life\/en\/#\/schema\/person\/85d74d905b29a0ee095fbc68f4b66cd0"},"breadcrumb":{"@id":"https:\/\/juanjosuarez.life\/en\/que-sentiran-las-ratas\/#breadcrumb"},"inLanguage":"en-GB","potentialAction":[{"@type":"ReadAction","target":["https:\/\/juanjosuarez.life\/en\/que-sentiran-las-ratas\/"]}]},{"@type":"ImageObject","inLanguage":"en-GB","@id":"https:\/\/juanjosuarez.life\/en\/que-sentiran-las-ratas\/#primaryimage","url":"https:\/\/juanjosuarez.life\/wp-content\/uploads\/2024\/02\/img_5751.jpg","contentUrl":"https:\/\/juanjosuarez.life\/wp-content\/uploads\/2024\/02\/img_5751.jpg","width":591,"height":812},{"@type":"BreadcrumbList","@id":"https:\/\/juanjosuarez.life\/en\/que-sentiran-las-ratas\/#breadcrumb","itemListElement":[{"@type":"ListItem","position":1,"name":"Juanjo Su\u00e1rez","item":"https:\/\/juanjosuarez.life\/en\/"},{"@type":"ListItem","position":2,"name":"\u00bfQu\u00e9 sentir\u00e1n las ratas?"}]},{"@type":"WebSite","@id":"https:\/\/juanjosuarez.life\/en\/#website","url":"https:\/\/juanjosuarez.life\/en\/","name":"Juanjo Su\u00e1rez","description":"Juan Jos\u00e9 Su\u00e1rez Vinueza, o Juanjo, como fui conocido desde mi infancia, nacido en Cuenca-Ecuador. Mi formaci\u00f3n me hacia pensar el cuerpo como la estructura que nos dirige. A los 33 a\u00f1os, entr\u00e9 en el camino del desarrollo personal, por una invitaci\u00f3n de la vida para corregir \u00e1reas de mi vida con las que no estaba conforme. Y pude descubrir que para recuperar tu salud, primero tienes que recuperarte a ti mismo. Fisioterapeuta de profesi\u00f3n, llevo ejerciendo desde el a\u00f1o 2007, tiempo en el que me he ido formado y capacitando para dar cada vez un mejor servicio a la comunidad.","potentialAction":[{"@type":"SearchAction","target":{"@type":"EntryPoint","urlTemplate":"https:\/\/juanjosuarez.life\/en\/?s={search_term_string}"},"query-input":"required name=search_term_string"}],"inLanguage":"en-GB"},{"@type":"Person","@id":"https:\/\/juanjosuarez.life\/en\/#\/schema\/person\/85d74d905b29a0ee095fbc68f4b66cd0","name":"evelyn_mcm","image":{"@type":"ImageObject","inLanguage":"en-GB","@id":"https:\/\/juanjosuarez.life\/en\/#\/schema\/person\/image\/","url":"https:\/\/secure.gravatar.com\/avatar\/e5976c405a87520c568ea00166d5badc844cccf3c58e624e2323f6fc1304b516?s=96&d=mm&r=g","contentUrl":"https:\/\/secure.gravatar.com\/avatar\/e5976c405a87520c568ea00166d5badc844cccf3c58e624e2323f6fc1304b516?s=96&d=mm&r=g","caption":"evelyn_mcm"},"sameAs":["https:\/\/juanjosuarez.life"],"url":"https:\/\/juanjosuarez.life\/en\/author\/evelyn_mcm\/"}]}},"_links":{"self":[{"href":"https:\/\/juanjosuarez.life\/en\/wp-json\/wp\/v2\/posts\/50661","targetHints":{"allow":["GET"]}}],"collection":[{"href":"https:\/\/juanjosuarez.life\/en\/wp-json\/wp\/v2\/posts"}],"about":[{"href":"https:\/\/juanjosuarez.life\/en\/wp-json\/wp\/v2\/types\/post"}],"author":[{"embeddable":true,"href":"https:\/\/juanjosuarez.life\/en\/wp-json\/wp\/v2\/users\/1"}],"replies":[{"embeddable":true,"href":"https:\/\/juanjosuarez.life\/en\/wp-json\/wp\/v2\/comments?post=50661"}],"version-history":[{"count":5,"href":"https:\/\/juanjosuarez.life\/en\/wp-json\/wp\/v2\/posts\/50661\/revisions"}],"predecessor-version":[{"id":50668,"href":"https:\/\/juanjosuarez.life\/en\/wp-json\/wp\/v2\/posts\/50661\/revisions\/50668"}],"wp:featuredmedia":[{"embeddable":true,"href":"https:\/\/juanjosuarez.life\/en\/wp-json\/wp\/v2\/media\/50667"}],"wp:attachment":[{"href":"https:\/\/juanjosuarez.life\/en\/wp-json\/wp\/v2\/media?parent=50661"}],"wp:term":[{"taxonomy":"category","embeddable":true,"href":"https:\/\/juanjosuarez.life\/en\/wp-json\/wp\/v2\/categories?post=50661"},{"taxonomy":"post_tag","embeddable":true,"href":"https:\/\/juanjosuarez.life\/en\/wp-json\/wp\/v2\/tags?post=50661"}],"curies":[{"name":"wp","href":"https:\/\/api.w.org\/{rel}","templated":true}]}}