{"id":50671,"date":"2024-02-16T16:47:46","date_gmt":"2024-02-16T15:47:46","guid":{"rendered":"https:\/\/juanjosuarez.life\/?p=50671"},"modified":"2024-02-16T16:50:26","modified_gmt":"2024-02-16T15:50:26","slug":"te-vas-a-morir-aceptalo","status":"publish","type":"post","link":"https:\/\/juanjosuarez.life\/en\/te-vas-a-morir-aceptalo\/","title":{"rendered":"Te vas a morir, ac\u00e9ptalo"},"content":{"rendered":"<div class=\"wpb-content-wrapper\">\n<div class=\"vc_row wpb_row vc_row-fluid\">\n\t\t<div class=\"wpb_column vc_column_container vc_col-sm-8\"><div class=\"vc_column-inner\"><div class=\"wpb_wrapper\">\n\t<div  class=\"wpb_single_image wpb_content_element vc_align_center\">\n\t\t\n\t\t<figure class=\"wpb_wrapper vc_figure\">\n\t\t\t<div class=\"vc_single_image-wrapper   vc_box_border_grey\"><img fetchpriority=\"high\" decoding=\"async\" width=\"752\" height=\"1063\" src=\"https:\/\/juanjosuarez.life\/wp-content\/uploads\/2024\/02\/img_5049.jpg\" class=\"vc_single_image-img attachment-full\" alt=\"\" title=\"img_5049\" srcset=\"https:\/\/juanjosuarez.life\/wp-content\/uploads\/2024\/02\/img_5049.jpg 752w, https:\/\/juanjosuarez.life\/wp-content\/uploads\/2024\/02\/img_5049-212x300.jpg 212w, https:\/\/juanjosuarez.life\/wp-content\/uploads\/2024\/02\/img_5049-724x1024.jpg 724w, https:\/\/juanjosuarez.life\/wp-content\/uploads\/2024\/02\/img_5049-600x848.jpg 600w\" sizes=\"(max-width: 752px) 100vw, 752px\" \/><\/div>\n\t\t<\/figure>\n\t<\/div>\n\n<div class=\"a4d3604fc3579dce4c600fc3320434a7f vc_empty_space\"\n         style=\"height: 32px\" >\n    <span class=\"vc_empty_space_inner\"><\/span>\n<\/div>\n\n\t<div class=\"wpb_text_column wpb_content_element\" >\n\t\t<div class=\"wpb_wrapper\">\n\t\t\t<p>Al final a todos nos toca, unos nos vamos antes, otros nos vamos despu\u00e9s, pero todos nos vamos.<\/p>\n\n\t\t<\/div>\n\t<\/div>\n\n\t<div class=\"wpb_text_column wpb_content_element\" >\n\t\t<div class=\"wpb_wrapper\">\n\t\t\t<p>A menos de una semana que pasemos de confinamiento a distanciamiento social, leo muchos comentario de la gente, que est\u00e1 indignada por la forma de actuar del gobierno, todos hablan de cifras, de casos, de que si estamos preparados o no para esta nueva forma de llevar nuestras vidas, siempre viendo hacia fuera, siempre preocupados por que los otros no son lo suficientemente responsables con las normas de bioseguridad. Y as\u00ed por el estilo, el p\u00e1nico se lee y se desborda en los teclados y en las pantallas de los que escriben. Este virus nos ha confrontado cara a cara con la muerte. Porqu\u00e9 nos golpe\u00f3 en \u00e9l elemento esencial que necesitamos para vivir. El aire. Respirar.<\/p>\n\n\t\t<\/div>\n\t<\/div>\n\n\t<div class=\"wpb_text_column wpb_content_element\" >\n\t\t<div class=\"wpb_wrapper\">\n\t\t\t<p>Este virus nos desenmascar\u00f3, nos mostr\u00f3 a qu\u00e9 le estamos dando m\u00e1s importancia en nuestras vidas, perdimos la paz, la tranquilidad y el tiempo en familia para llenarnos de cosas, ropa, casas, veh\u00edculos y un sin fin de objetos materiales con el fin de llenar ese vac\u00edo existencial que llevamos dentro.<\/p>\n\n\t\t<\/div>\n\t<\/div>\n\n\t<div class=\"wpb_text_column wpb_content_element\" >\n\t\t<div class=\"wpb_wrapper\">\n\t\t\t<p>El estado se encarg\u00f3 de ponerte a salvo pidi\u00e9ndote que te quedes en casa, y con sus limitaciones lo vimos como un h\u00e9roe. Ahora el estado quiere que salgas a la calle y vuelvas a ser productivo, que vuelas a reactivar la econom\u00eda de tu pa\u00eds. Y claro, ahora es el villano. Porque me esta entregando al virus, porque no estamos listos para salir, porque las cifras, porque los muertos, porque, porque, porque.<\/p>\n\n\t\t<\/div>\n\t<\/div>\n\n\t<div class=\"wpb_text_column wpb_content_element\" >\n\t\t<div class=\"wpb_wrapper\">\n\t\t\t<p>Y no queremos aceptar, que en el fondo el miedo que nos conmociona, es porque en realidad le tenemos pavor a la muerte. Llenamos nuestra vida de un sin n\u00famero de cosas y a\u00fan as\u00ed ese vac\u00edo nunca se lleno, no se lleno con mis bienes, con mis estudios, con mis experiencias, ni siquiera con mis hijos (para los que tenemos hijos) y por eso, no puedo contagiarme, no puedo morir, porque tengo que pagar mis deudas, tengo que terminar mis estudios, tengo que hacer esos viajes, tengo que criar a mis hijos que est\u00e1n peque\u00f1os.<\/p>\n\n\t\t<\/div>\n\t<\/div>\n\n\t<div class=\"wpb_text_column wpb_content_element\" >\n\t\t<div class=\"wpb_wrapper\">\n\t\t\t<p>Y nos aferramos a todo lo que podemos, a lo que nos pertenece (si es que algo nos pertenece) y a lo que no. Para darle sentido a nuestra existencia.<\/p>\n\n\t\t<\/div>\n\t<\/div>\n\n\t<div class=\"wpb_text_column wpb_content_element\" >\n\t\t<div class=\"wpb_wrapper\">\n\t\t\t<p>Lo cierto es que te vas a morir, es la \u00fanica verdad que tienes, y tienes de a dos. O le andas huyendo a la muerte, con el p\u00e1nico de que alg\u00fan momento te va a encontrar. O le das sentido a tu vida, llenas ese vac\u00edo interior, le tomas de la mano a la muerte y permites que te acompa\u00f1e en tu transitar por este mundo, hasta que decida que es tiempo de iniciar una nueva experiencia.<\/p>\n\n\t\t<\/div>\n\t<\/div>\n\n\t<div class=\"wpb_text_column wpb_content_element\" >\n\t\t<div class=\"wpb_wrapper\">\n\t\t\t<blockquote><p>\nTe deseo lo mejor en estos tiempo de cambio, y que la muerte te acompa\u00f1e.\n<\/p><\/blockquote>\n\n\t\t<\/div>\n\t<\/div>\n<\/div><\/div><\/div><div class=\"wpb_column vc_column_container vc_col-sm-4\"><div class=\"vc_column-inner\"><div class=\"wpb_wrapper\"><div  class=\"wpb_widgetised_column wpb_content_element\">\n\t\t<div class=\"wpb_wrapper\">\n\t\t\t\n\t\t\t<aside id=\"stm_recent_posts-3\" class=\"widget widget_stm_recent_posts\"><div class=\"widget_title\"><h3>Entradas Recientes<\/h3><\/div>\t\t\t                <div class=\"widget_media clearfix widget_media_style_1\">\n\t\t\t\t\t<a href=\"https:\/\/juanjosuarez.life\/en\/renacer-en-la-consciencia\/\">\n\t\t\t<img decoding=\"async\" width=\"63\" height=\"50\" src=\"https:\/\/juanjosuarez.life\/wp-content\/uploads\/2024\/02\/img_2943-1-63x50.webp\" class=\"img-responsive wp-post-image\" alt=\"\" srcset=\"https:\/\/juanjosuarez.life\/wp-content\/uploads\/2024\/02\/img_2943-1-63x50.webp 63w, https:\/\/juanjosuarez.life\/wp-content\/uploads\/2024\/02\/img_2943-1-480x380.webp 480w, https:\/\/juanjosuarez.life\/wp-content\/uploads\/2024\/02\/img_2943-1-16x12.webp 16w\" sizes=\"(max-width: 63px) 100vw, 63px\" \/>\t\t<span class=\"h6\">Renacer en la consciencia<\/span>\n<\/a>\n\t<div class=\"cats_w\">\n\t\t\t\t\t<a href=\"https:\/\/juanjosuarez.life\/en\/category\/quebrando-cascarones\/\">\n                Quebrando Cascarones            <\/a><span class=\"comma\">,<\/span>\n\t\t\t<\/div>\n                <\/div>\n\t\t\t                <div class=\"widget_media clearfix widget_media_style_1\">\n\t\t\t\t\t<a href=\"https:\/\/juanjosuarez.life\/en\/no-te-lo-tomes-personal\/\">\n\t\t\t<img decoding=\"async\" width=\"63\" height=\"50\" src=\"https:\/\/juanjosuarez.life\/wp-content\/uploads\/2024\/02\/image-63x50.webp\" class=\"img-responsive wp-post-image\" alt=\"\" srcset=\"https:\/\/juanjosuarez.life\/wp-content\/uploads\/2024\/02\/image-63x50.webp 63w, https:\/\/juanjosuarez.life\/wp-content\/uploads\/2024\/02\/image-979x800.webp 979w, https:\/\/juanjosuarez.life\/wp-content\/uploads\/2024\/02\/image-480x380.webp 480w\" sizes=\"(max-width: 63px) 100vw, 63px\" \/>\t\t<span class=\"h6\">No te lo tomes personal<\/span>\n<\/a>\n\t<div class=\"cats_w\">\n\t\t\t\t\t<a href=\"https:\/\/juanjosuarez.life\/en\/category\/quebrando-cascarones\/\">\n                Quebrando Cascarones            <\/a><span class=\"comma\">,<\/span>\n\t\t\t<\/div>\n                <\/div>\n\t\t\t                <div class=\"widget_media clearfix widget_media_style_1\">\n\t\t\t\t\t<a href=\"https:\/\/juanjosuarez.life\/en\/estamos-luchando-por-la-humanidad-o-se-activo-nuestro-instinto-de-supervivencia\/\">\n\t\t\t<img loading=\"lazy\" decoding=\"async\" width=\"63\" height=\"50\" src=\"https:\/\/juanjosuarez.life\/wp-content\/uploads\/2024\/02\/img_5111-63x50.jpg\" class=\"img-responsive wp-post-image\" alt=\"\" srcset=\"https:\/\/juanjosuarez.life\/wp-content\/uploads\/2024\/02\/img_5111-63x50.jpg 63w, https:\/\/juanjosuarez.life\/wp-content\/uploads\/2024\/02\/img_5111-480x380.jpg 480w\" sizes=\"(max-width: 63px) 100vw, 63px\" \/>\t\t<span class=\"h6\">\u00bfEstamos luchando por la Humanidad o s\u00e9 activo nuestro instinto de supervivencia?<\/span>\n<\/a>\n\t<div class=\"cats_w\">\n\t\t\t\t\t<a href=\"https:\/\/juanjosuarez.life\/en\/category\/quebrando-cascarones\/\">\n                Quebrando Cascarones            <\/a><span class=\"comma\">,<\/span>\n\t\t\t<\/div>\n                <\/div>\n\t\t\t\t\t\t\t\t<\/aside><aside id=\"block-11\" class=\"widget widget_block widget_text\">\n<p><strong>Juan Jos\u00e9 Su\u00e1rez Vinueza<\/strong>, o Juanjo, como fui conocido desde mi infancia, nacido en Cuenca-Ecuador. Con 36 a\u00f1os, entre en el camino del desarrollo personal desde hace 4 a\u00f1os y pude descubrir que para recuperar tu salud, primero tienes que recuperarte a ti mismo. Fisioterapeuta de profesi\u00f3n, desde hace 14 a\u00f1os, tiempo en el que me he ido formado y capacitando para dar cada vez un mejor servicio a la comunidad.<\/p>\n<\/aside><aside id=\"search-2\" class=\"widget widget_search\"><div class=\"widget_title\"><h3>B\u00fasqueda<\/h3><\/div><form role=\"search\" method=\"get\" class=\"search-form\" action=\"\/en\/\" data-trp-original-action=\"https:\/\/juanjosuarez.life\/en\/\">\n\t\t\t\t<label>\n\t\t\t\t\t<span class=\"screen-reader-text\">Search for:<\/span>\n\t\t\t\t\t<input type=\"search\" class=\"search-field\" placeholder=\"Search &hellip;\" value=\"\" name=\"s\" \/>\n\t\t\t\t<\/label>\n\t\t\t\t<input type=\"submit\" class=\"search-submit\" value=\"Search\" \/>\n\t\t\t<input type=\"hidden\" name=\"trp-form-language\" value=\"en\"\/><\/form><\/aside>\n\t\t<\/div>\n\t<\/div>\n<\/div><\/div><\/div><\/div>\n\n<\/div>","protected":false},"excerpt":{"rendered":"Creas lo que crees. \u00bfEn qu\u00e9 mundo quieres vivir? El momento que vivimos hoy, me ha llevado a pensar en algunas cosas, que las escribo para poderlas compartir. No hace falta ser un erudito en el tema, para darnos cuenta que lo que esta pasando hoy en d\u00eda, con esto del virus y del aislamiento, [...]","protected":false},"author":1,"featured_media":50674,"comment_status":"open","ping_status":"open","sticky":false,"template":"","format":"standard","meta":{"_acf_changed":false,"pmpro_default_level":0,"footnotes":""},"categories":[97],"tags":[],"class_list":["post-50671","post","type-post","status-publish","format-standard","has-post-thumbnail","hentry","category-quebrando-cascarones","pmpro-has-access"],"acf":[],"yoast_head":"<!-- This site is optimized with the Yoast SEO plugin v22.2 - https:\/\/yoast.com\/wordpress\/plugins\/seo\/ -->\n<title>Te vas a morir, ac\u00e9ptalo - Juanjo Su\u00e1rez<\/title>\n<meta name=\"robots\" content=\"index, follow, max-snippet:-1, max-image-preview:large, max-video-preview:-1\" \/>\n<link rel=\"canonical\" href=\"https:\/\/juanjosuarez.life\/en\/te-vas-a-morir-aceptalo\/\" \/>\n<meta property=\"og:locale\" content=\"en_GB\" \/>\n<meta property=\"og:type\" content=\"article\" \/>\n<meta property=\"og:title\" content=\"Te vas a morir, ac\u00e9ptalo - Juanjo Su\u00e1rez\" \/>\n<meta property=\"og:url\" content=\"https:\/\/juanjosuarez.life\/en\/te-vas-a-morir-aceptalo\/\" \/>\n<meta property=\"og:site_name\" content=\"Juanjo Su\u00e1rez\" \/>\n<meta property=\"article:published_time\" content=\"2024-02-16T15:47:46+00:00\" \/>\n<meta property=\"article:modified_time\" content=\"2024-02-16T15:50:26+00:00\" \/>\n<meta property=\"og:image\" content=\"https:\/\/juanjosuarez.life\/wp-content\/uploads\/2024\/02\/img_5049.jpg\" \/>\n\t<meta property=\"og:image:width\" content=\"752\" \/>\n\t<meta property=\"og:image:height\" content=\"1063\" \/>\n\t<meta property=\"og:image:type\" content=\"image\/jpeg\" \/>\n<meta name=\"author\" content=\"evelyn_mcm\" \/>\n<meta name=\"twitter:card\" content=\"summary_large_image\" \/>\n<script type=\"application\/ld+json\" class=\"yoast-schema-graph\">{\"@context\":\"https:\/\/schema.org\",\"@graph\":[{\"@type\":\"WebPage\",\"@id\":\"https:\/\/juanjosuarez.life\/en\/te-vas-a-morir-aceptalo\/\",\"url\":\"https:\/\/juanjosuarez.life\/en\/te-vas-a-morir-aceptalo\/\",\"name\":\"Te vas a morir, ac\u00e9ptalo - Juanjo Su\u00e1rez\",\"isPartOf\":{\"@id\":\"https:\/\/juanjosuarez.life\/en\/#website\"},\"primaryImageOfPage\":{\"@id\":\"https:\/\/juanjosuarez.life\/en\/te-vas-a-morir-aceptalo\/#primaryimage\"},\"image\":{\"@id\":\"https:\/\/juanjosuarez.life\/en\/te-vas-a-morir-aceptalo\/#primaryimage\"},\"thumbnailUrl\":\"https:\/\/juanjosuarez.life\/wp-content\/uploads\/2024\/02\/img_5049.jpg\",\"datePublished\":\"2024-02-16T15:47:46+00:00\",\"dateModified\":\"2024-02-16T15:50:26+00:00\",\"author\":{\"@id\":\"https:\/\/juanjosuarez.life\/en\/#\/schema\/person\/85d74d905b29a0ee095fbc68f4b66cd0\"},\"breadcrumb\":{\"@id\":\"https:\/\/juanjosuarez.life\/en\/te-vas-a-morir-aceptalo\/#breadcrumb\"},\"inLanguage\":\"en-GB\",\"potentialAction\":[{\"@type\":\"ReadAction\",\"target\":[\"https:\/\/juanjosuarez.life\/en\/te-vas-a-morir-aceptalo\/\"]}]},{\"@type\":\"ImageObject\",\"inLanguage\":\"en-GB\",\"@id\":\"https:\/\/juanjosuarez.life\/en\/te-vas-a-morir-aceptalo\/#primaryimage\",\"url\":\"https:\/\/juanjosuarez.life\/wp-content\/uploads\/2024\/02\/img_5049.jpg\",\"contentUrl\":\"https:\/\/juanjosuarez.life\/wp-content\/uploads\/2024\/02\/img_5049.jpg\",\"width\":752,\"height\":1063},{\"@type\":\"BreadcrumbList\",\"@id\":\"https:\/\/juanjosuarez.life\/en\/te-vas-a-morir-aceptalo\/#breadcrumb\",\"itemListElement\":[{\"@type\":\"ListItem\",\"position\":1,\"name\":\"Juanjo Su\u00e1rez\",\"item\":\"https:\/\/juanjosuarez.life\/en\/\"},{\"@type\":\"ListItem\",\"position\":2,\"name\":\"Te vas a morir, ac\u00e9ptalo\"}]},{\"@type\":\"WebSite\",\"@id\":\"https:\/\/juanjosuarez.life\/en\/#website\",\"url\":\"https:\/\/juanjosuarez.life\/en\/\",\"name\":\"Juanjo Su\u00e1rez\",\"description\":\"Juan Jos\u00e9 Su\u00e1rez Vinueza, o Juanjo, como fui conocido desde mi infancia, nacido en Cuenca-Ecuador. Mi formaci\u00f3n me hacia pensar el cuerpo como la estructura que nos dirige. A los 33 a\u00f1os, entr\u00e9 en el camino del desarrollo personal, por una invitaci\u00f3n de la vida para corregir \u00e1reas de mi vida con las que no estaba conforme. Y pude descubrir que para recuperar tu salud, primero tienes que recuperarte a ti mismo. Fisioterapeuta de profesi\u00f3n, llevo ejerciendo desde el a\u00f1o 2007, tiempo en el que me he ido formado y capacitando para dar cada vez un mejor servicio a la comunidad.\",\"potentialAction\":[{\"@type\":\"SearchAction\",\"target\":{\"@type\":\"EntryPoint\",\"urlTemplate\":\"https:\/\/juanjosuarez.life\/en\/?s={search_term_string}\"},\"query-input\":\"required name=search_term_string\"}],\"inLanguage\":\"en-GB\"},{\"@type\":\"Person\",\"@id\":\"https:\/\/juanjosuarez.life\/en\/#\/schema\/person\/85d74d905b29a0ee095fbc68f4b66cd0\",\"name\":\"evelyn_mcm\",\"image\":{\"@type\":\"ImageObject\",\"inLanguage\":\"en-GB\",\"@id\":\"https:\/\/juanjosuarez.life\/en\/#\/schema\/person\/image\/\",\"url\":\"https:\/\/secure.gravatar.com\/avatar\/e5976c405a87520c568ea00166d5badc844cccf3c58e624e2323f6fc1304b516?s=96&d=mm&r=g\",\"contentUrl\":\"https:\/\/secure.gravatar.com\/avatar\/e5976c405a87520c568ea00166d5badc844cccf3c58e624e2323f6fc1304b516?s=96&d=mm&r=g\",\"caption\":\"evelyn_mcm\"},\"sameAs\":[\"https:\/\/juanjosuarez.life\"],\"url\":\"https:\/\/juanjosuarez.life\/en\/author\/evelyn_mcm\/\"}]}<\/script>\n<!-- \/ Yoast SEO plugin. -->","yoast_head_json":{"title":"Te vas a morir, ac\u00e9ptalo - Juanjo Su\u00e1rez","robots":{"index":"index","follow":"follow","max-snippet":"max-snippet:-1","max-image-preview":"max-image-preview:large","max-video-preview":"max-video-preview:-1"},"canonical":"https:\/\/juanjosuarez.life\/en\/te-vas-a-morir-aceptalo\/","og_locale":"en_GB","og_type":"article","og_title":"Te vas a morir, ac\u00e9ptalo - Juanjo Su\u00e1rez","og_url":"https:\/\/juanjosuarez.life\/en\/te-vas-a-morir-aceptalo\/","og_site_name":"Juanjo Su\u00e1rez","article_published_time":"2024-02-16T15:47:46+00:00","article_modified_time":"2024-02-16T15:50:26+00:00","og_image":[{"width":752,"height":1063,"url":"https:\/\/juanjosuarez.life\/wp-content\/uploads\/2024\/02\/img_5049.jpg","type":"image\/jpeg"}],"author":"evelyn_mcm","twitter_card":"summary_large_image","schema":{"@context":"https:\/\/schema.org","@graph":[{"@type":"WebPage","@id":"https:\/\/juanjosuarez.life\/en\/te-vas-a-morir-aceptalo\/","url":"https:\/\/juanjosuarez.life\/en\/te-vas-a-morir-aceptalo\/","name":"Te vas a morir, ac\u00e9ptalo - Juanjo Su\u00e1rez","isPartOf":{"@id":"https:\/\/juanjosuarez.life\/en\/#website"},"primaryImageOfPage":{"@id":"https:\/\/juanjosuarez.life\/en\/te-vas-a-morir-aceptalo\/#primaryimage"},"image":{"@id":"https:\/\/juanjosuarez.life\/en\/te-vas-a-morir-aceptalo\/#primaryimage"},"thumbnailUrl":"https:\/\/juanjosuarez.life\/wp-content\/uploads\/2024\/02\/img_5049.jpg","datePublished":"2024-02-16T15:47:46+00:00","dateModified":"2024-02-16T15:50:26+00:00","author":{"@id":"https:\/\/juanjosuarez.life\/en\/#\/schema\/person\/85d74d905b29a0ee095fbc68f4b66cd0"},"breadcrumb":{"@id":"https:\/\/juanjosuarez.life\/en\/te-vas-a-morir-aceptalo\/#breadcrumb"},"inLanguage":"en-GB","potentialAction":[{"@type":"ReadAction","target":["https:\/\/juanjosuarez.life\/en\/te-vas-a-morir-aceptalo\/"]}]},{"@type":"ImageObject","inLanguage":"en-GB","@id":"https:\/\/juanjosuarez.life\/en\/te-vas-a-morir-aceptalo\/#primaryimage","url":"https:\/\/juanjosuarez.life\/wp-content\/uploads\/2024\/02\/img_5049.jpg","contentUrl":"https:\/\/juanjosuarez.life\/wp-content\/uploads\/2024\/02\/img_5049.jpg","width":752,"height":1063},{"@type":"BreadcrumbList","@id":"https:\/\/juanjosuarez.life\/en\/te-vas-a-morir-aceptalo\/#breadcrumb","itemListElement":[{"@type":"ListItem","position":1,"name":"Juanjo Su\u00e1rez","item":"https:\/\/juanjosuarez.life\/en\/"},{"@type":"ListItem","position":2,"name":"Te vas a morir, ac\u00e9ptalo"}]},{"@type":"WebSite","@id":"https:\/\/juanjosuarez.life\/en\/#website","url":"https:\/\/juanjosuarez.life\/en\/","name":"Juanjo Su\u00e1rez","description":"Juan Jos\u00e9 Su\u00e1rez Vinueza, o Juanjo, como fui conocido desde mi infancia, nacido en Cuenca-Ecuador. Mi formaci\u00f3n me hacia pensar el cuerpo como la estructura que nos dirige. A los 33 a\u00f1os, entr\u00e9 en el camino del desarrollo personal, por una invitaci\u00f3n de la vida para corregir \u00e1reas de mi vida con las que no estaba conforme. Y pude descubrir que para recuperar tu salud, primero tienes que recuperarte a ti mismo. Fisioterapeuta de profesi\u00f3n, llevo ejerciendo desde el a\u00f1o 2007, tiempo en el que me he ido formado y capacitando para dar cada vez un mejor servicio a la comunidad.","potentialAction":[{"@type":"SearchAction","target":{"@type":"EntryPoint","urlTemplate":"https:\/\/juanjosuarez.life\/en\/?s={search_term_string}"},"query-input":"required name=search_term_string"}],"inLanguage":"en-GB"},{"@type":"Person","@id":"https:\/\/juanjosuarez.life\/en\/#\/schema\/person\/85d74d905b29a0ee095fbc68f4b66cd0","name":"evelyn_mcm","image":{"@type":"ImageObject","inLanguage":"en-GB","@id":"https:\/\/juanjosuarez.life\/en\/#\/schema\/person\/image\/","url":"https:\/\/secure.gravatar.com\/avatar\/e5976c405a87520c568ea00166d5badc844cccf3c58e624e2323f6fc1304b516?s=96&d=mm&r=g","contentUrl":"https:\/\/secure.gravatar.com\/avatar\/e5976c405a87520c568ea00166d5badc844cccf3c58e624e2323f6fc1304b516?s=96&d=mm&r=g","caption":"evelyn_mcm"},"sameAs":["https:\/\/juanjosuarez.life"],"url":"https:\/\/juanjosuarez.life\/en\/author\/evelyn_mcm\/"}]}},"_links":{"self":[{"href":"https:\/\/juanjosuarez.life\/en\/wp-json\/wp\/v2\/posts\/50671","targetHints":{"allow":["GET"]}}],"collection":[{"href":"https:\/\/juanjosuarez.life\/en\/wp-json\/wp\/v2\/posts"}],"about":[{"href":"https:\/\/juanjosuarez.life\/en\/wp-json\/wp\/v2\/types\/post"}],"author":[{"embeddable":true,"href":"https:\/\/juanjosuarez.life\/en\/wp-json\/wp\/v2\/users\/1"}],"replies":[{"embeddable":true,"href":"https:\/\/juanjosuarez.life\/en\/wp-json\/wp\/v2\/comments?post=50671"}],"version-history":[{"count":4,"href":"https:\/\/juanjosuarez.life\/en\/wp-json\/wp\/v2\/posts\/50671\/revisions"}],"predecessor-version":[{"id":50676,"href":"https:\/\/juanjosuarez.life\/en\/wp-json\/wp\/v2\/posts\/50671\/revisions\/50676"}],"wp:featuredmedia":[{"embeddable":true,"href":"https:\/\/juanjosuarez.life\/en\/wp-json\/wp\/v2\/media\/50674"}],"wp:attachment":[{"href":"https:\/\/juanjosuarez.life\/en\/wp-json\/wp\/v2\/media?parent=50671"}],"wp:term":[{"taxonomy":"category","embeddable":true,"href":"https:\/\/juanjosuarez.life\/en\/wp-json\/wp\/v2\/categories?post=50671"},{"taxonomy":"post_tag","embeddable":true,"href":"https:\/\/juanjosuarez.life\/en\/wp-json\/wp\/v2\/tags?post=50671"}],"curies":[{"name":"wp","href":"https:\/\/api.w.org\/{rel}","templated":true}]}}