{"id":50677,"date":"2024-02-16T16:55:30","date_gmt":"2024-02-16T15:55:30","guid":{"rendered":"https:\/\/juanjosuarez.life\/?p=50677"},"modified":"2024-02-16T17:00:53","modified_gmt":"2024-02-16T16:00:53","slug":"estamos-luchando-por-la-humanidad-o-se-activo-nuestro-instinto-de-supervivencia","status":"publish","type":"post","link":"https:\/\/juanjosuarez.life\/en\/estamos-luchando-por-la-humanidad-o-se-activo-nuestro-instinto-de-supervivencia\/","title":{"rendered":"\u00bfEstamos luchando por la Humanidad o s\u00e9 activo nuestro instinto de supervivencia?"},"content":{"rendered":"<div class=\"wpb-content-wrapper\">\n<div class=\"vc_row wpb_row vc_row-fluid\">\n\t\t<div class=\"wpb_column vc_column_container vc_col-sm-8\"><div class=\"vc_column-inner\"><div class=\"wpb_wrapper\">\n\t<div  class=\"wpb_single_image wpb_content_element vc_align_center\">\n\t\t\n\t\t<figure class=\"wpb_wrapper vc_figure\">\n\t\t\t<div class=\"vc_single_image-wrapper   vc_box_border_grey\"><img fetchpriority=\"high\" decoding=\"async\" width=\"1000\" height=\"567\" src=\"https:\/\/juanjosuarez.life\/wp-content\/uploads\/2024\/02\/img_5111.jpg\" class=\"vc_single_image-img attachment-full\" alt=\"\" title=\"img_5111\" srcset=\"https:\/\/juanjosuarez.life\/wp-content\/uploads\/2024\/02\/img_5111.jpg 1000w, https:\/\/juanjosuarez.life\/wp-content\/uploads\/2024\/02\/img_5111-300x170.jpg 300w, https:\/\/juanjosuarez.life\/wp-content\/uploads\/2024\/02\/img_5111-768x435.jpg 768w, https:\/\/juanjosuarez.life\/wp-content\/uploads\/2024\/02\/img_5111-270x153.jpg 270w, https:\/\/juanjosuarez.life\/wp-content\/uploads\/2024\/02\/img_5111-600x340.jpg 600w\" sizes=\"(max-width: 1000px) 100vw, 1000px\" \/><\/div>\n\t\t<\/figure>\n\t<\/div>\n\n<div class=\"a4d3604fc3579dce4c600fc3320434a7f vc_empty_space\"\n         style=\"height: 32px\" >\n    <span class=\"vc_empty_space_inner\"><\/span>\n<\/div>\n\n\t<div class=\"wpb_text_column wpb_content_element\" >\n\t\t<div class=\"wpb_wrapper\">\n\t\t\t<blockquote>\n<p>Creas lo que crees. \u00bfEn qu\u00e9 mundo quieres vivir?<\/p>\n<\/blockquote>\n\n\t\t<\/div>\n\t<\/div>\n\n\t<div class=\"wpb_text_column wpb_content_element\" >\n\t\t<div class=\"wpb_wrapper\">\n\t\t\t<p>El momento que vivimos hoy, me ha llevado a pensar en algunas cosas, que las escribo para poderlas compartir. No hace falta ser un erudito en el tema, para darnos cuenta que lo que esta pasando hoy en d\u00eda, con esto del virus y del aislamiento, a m\u00e1s de uno la ha golpeado con fuerza. Y para aplacar un poco ese golpe, he decidido escribir algo para la gente que tenga tiempo de leer; \u00e9stas son algunas cosas que me he puesto a cuestionar estos d\u00edas.<\/p>\n\n\t\t<\/div>\n\t<\/div>\n\n\t<div class=\"wpb_text_column wpb_content_element\" >\n\t\t<div class=\"wpb_wrapper\">\n\t\t\t<p>Nuestro cuerpo internamente tiene una homeostasis qu\u00edmica, misma que responde en gran parte a la forma en la que pensamos y sentimos d\u00eda a d\u00eda; por ejemplo si estoy en la playa disfrutando del sol, del mar y de la arena, me olvido del tiempo y del espacio y solamente de dedico a vivir ese momento, internamente nuestro cuerpo genera serotonina (que es la hormona de la felicidad) que nos dar\u00e1 un estado de bienestar y tranquilidad. Otro ejemplo puede ser que estamos en medio de una selva y de pronto aparece un le\u00f3n que nos quiere devorar, nuestro cuerpo va a generar adrenalina y cortisol (que son las hormonas del estr\u00e9s \/ supervivencia) para activar en nosotros un sistema de hu\u00edda, funci\u00f3n necesaria para preservar nuestra existencia. Al igual que el le\u00f3n, este virus tiene a la mayor\u00eda de personas es un estado de supervivencia, lo que quiere decir que sus niveles de adrenalina y cortisol no est\u00e1n aportando al equilibrio y bienestar de su cuerpo.<\/p>\n\n\t\t<\/div>\n\t<\/div>\n\n\t<div class=\"wpb_text_column wpb_content_element\" >\n\t\t<div class=\"wpb_wrapper\">\n\t\t\t<p>Y todo esto se alimenta, repito, desde nuestros pensamientos y sentimientos; la mayor\u00eda de nosotros estamos con nuestra mente en otro lado y solo nuestro cuerpo esta en casa (#mequedoencasa pero no me desenchufo del mundo virtual) porque nos estamos alimentado a cada momento, de pensamientos como: cual ser\u00e1 el n\u00famero de casos, el n\u00famero de muertes, hasta cuando vamos a estar encerrados, por que me toco vivir esto a m\u00ed, como voy a pagar mis cuentas a fin de mes, y un largo etc. Qu\u00e9 LE\u00d3N tan grande que estamos creando, y lo peor de todo es, que parece que no vamos a poder escapar.<\/p>\n\n\t\t<\/div>\n\t<\/div>\n\n\t<div class=\"wpb_text_column wpb_content_element\" >\n\t\t<div class=\"wpb_wrapper\">\n\t\t\t<p>Te invito a pensar, hace cuanto que no tenias tiempo para ti, hace cuanto que no te sentaste con calma a saborear los alimentos de tu desayuno, sin la presi\u00f3n del tengo que\u2026, hace cuanto que no disfrutabas de una charla con la gente con la vives en casa, o hace cuanto que volviste a ser ni\u00f1o y practicar la suma con los dedos (mientras ayudas con las tareas de los m\u00e1s peque\u00f1os de casa). Si lo vemos de esa manera, tan malo no es.<\/p>\n\n\t\t<\/div>\n\t<\/div>\n\n\t<div class=\"wpb_text_column wpb_content_element\" >\n\t\t<div class=\"wpb_wrapper\">\n\t\t\t<p>Ahora quiero ir un poco m\u00e1s profundo; El Dr. Irvin Kirsch, llev\u00f3 a cabo una investigaci\u00f3n con personas sentenciadas a pena de muerte. Tomo al reo y le dijo -Tu sentencia ser\u00e9 morir desangrado, te vamos a recostar en una camilla, te ataremos los brazos y te cortaremos las venas de las mu\u00f1ecas, y despu\u00e9s de unas horas vas a morir desangrado- a continuaci\u00f3n le taparon los ojos, le recostaron en la camilla, le hicieron un rasgu\u00f1o en las mu\u00f1ecas, (una lesi\u00f3n en su piel que no llego a sangrar) y le pusieron un cat\u00e9ter cerca de las mu\u00f1ecas, que le hacia sentir al reo que la sangre (un liquido de la misma densidad y temperatura de la sangre) de su cuerpo ca\u00eda, y para terminar le pusieron 2 platos de metal, en los cuales caer\u00edan las gotas de \u00e9ste liquido. El experimento inici\u00f3, las gotas en los platos de metal empezaron a sonar, toc, toc, toc, toc, y despu\u00e9s de unas horas adivinen qu\u00e9 paso\u2026 Pues s\u00ed, el hombre muri\u00f3 desangrado, sin perder una sola gota de sangre de su cuerpo. \u00bfQu\u00e9 pas\u00f3? La sugesti\u00f3n a la que fue sometido fue tan poderosa que su pensamiento la acept\u00f3 como real, y eso le produjo la muerte.<\/p>\n\n\t\t<\/div>\n\t<\/div>\n\n\t<div class=\"wpb_text_column wpb_content_element\" >\n\t\t<div class=\"wpb_wrapper\">\n\t\t\t<p>Ahora te pregunto. \u00bfHas escuchado cuales son los s\u00edntomas del coronavirus? \u00bfTe han dicho que el virus est\u00e1 en el aire? \u00bfHas le\u00eddo que es una enfermedad muy complicada si tus condiciones no son buenas? \u00bfNO SER\u00c1 QUE TU MISMO TE ESTAS SUGESTIONANDO PODEROSAMENTE? \u00bfHas podido comprobar con tu propia experiencia o vivencias, que las noticias que ves, la informaci\u00f3n que lees y los audios que escuchan, son reales? Mientras estamos en aislamiento, piensa, \u00bfcon que vas a alimentar tus pensamientos?<\/p>\n\n\t\t<\/div>\n\t<\/div>\n\n\t<div class=\"wpb_text_column wpb_content_element\" >\n\t\t<div class=\"wpb_wrapper\">\n\t\t\t<blockquote>\n<p>Yo, me quedar\u00e9 en casa, por que as\u00ed lo ha decido el mundo, pero mientras estoy en casa, prefiero armar mi pel\u00edcula en una playa paradis\u00edaca con sol, arena y mar y no seguir alimentando un le\u00f3n que me quiere comer.<\/p>\n<\/blockquote>\n\n\t\t<\/div>\n\t<\/div>\n<\/div><\/div><\/div><div class=\"wpb_column vc_column_container vc_col-sm-4\"><div class=\"vc_column-inner\"><div class=\"wpb_wrapper\"><div  class=\"wpb_widgetised_column wpb_content_element\">\n\t\t<div class=\"wpb_wrapper\">\n\t\t\t\n\t\t\t<aside id=\"stm_recent_posts-3\" class=\"widget widget_stm_recent_posts\"><div class=\"widget_title\"><h3>Entradas Recientes<\/h3><\/div>\t\t\t                <div class=\"widget_media clearfix widget_media_style_1\">\n\t\t\t\t\t<a href=\"https:\/\/juanjosuarez.life\/en\/renacer-en-la-consciencia\/\">\n\t\t\t<img decoding=\"async\" width=\"63\" height=\"50\" src=\"https:\/\/juanjosuarez.life\/wp-content\/uploads\/2024\/02\/img_2943-1-63x50.webp\" class=\"img-responsive wp-post-image\" alt=\"\" srcset=\"https:\/\/juanjosuarez.life\/wp-content\/uploads\/2024\/02\/img_2943-1-63x50.webp 63w, https:\/\/juanjosuarez.life\/wp-content\/uploads\/2024\/02\/img_2943-1-480x380.webp 480w, https:\/\/juanjosuarez.life\/wp-content\/uploads\/2024\/02\/img_2943-1-16x12.webp 16w\" sizes=\"(max-width: 63px) 100vw, 63px\" \/>\t\t<span class=\"h6\">Renacer en la consciencia<\/span>\n<\/a>\n\t<div class=\"cats_w\">\n\t\t\t\t\t<a href=\"https:\/\/juanjosuarez.life\/en\/category\/quebrando-cascarones\/\">\n                Quebrando Cascarones            <\/a><span class=\"comma\">,<\/span>\n\t\t\t<\/div>\n                <\/div>\n\t\t\t                <div class=\"widget_media clearfix widget_media_style_1\">\n\t\t\t\t\t<a href=\"https:\/\/juanjosuarez.life\/en\/no-te-lo-tomes-personal\/\">\n\t\t\t<img decoding=\"async\" width=\"63\" height=\"50\" src=\"https:\/\/juanjosuarez.life\/wp-content\/uploads\/2024\/02\/image-63x50.webp\" class=\"img-responsive wp-post-image\" alt=\"\" srcset=\"https:\/\/juanjosuarez.life\/wp-content\/uploads\/2024\/02\/image-63x50.webp 63w, https:\/\/juanjosuarez.life\/wp-content\/uploads\/2024\/02\/image-979x800.webp 979w, https:\/\/juanjosuarez.life\/wp-content\/uploads\/2024\/02\/image-480x380.webp 480w\" sizes=\"(max-width: 63px) 100vw, 63px\" \/>\t\t<span class=\"h6\">No te lo tomes personal<\/span>\n<\/a>\n\t<div class=\"cats_w\">\n\t\t\t\t\t<a href=\"https:\/\/juanjosuarez.life\/en\/category\/quebrando-cascarones\/\">\n                Quebrando Cascarones            <\/a><span class=\"comma\">,<\/span>\n\t\t\t<\/div>\n                <\/div>\n\t\t\t                <div class=\"widget_media clearfix widget_media_style_1\">\n\t\t\t\t\t<a href=\"https:\/\/juanjosuarez.life\/en\/estamos-luchando-por-la-humanidad-o-se-activo-nuestro-instinto-de-supervivencia\/\">\n\t\t\t<img loading=\"lazy\" decoding=\"async\" width=\"63\" height=\"50\" src=\"https:\/\/juanjosuarez.life\/wp-content\/uploads\/2024\/02\/img_5111-63x50.jpg\" class=\"img-responsive wp-post-image\" alt=\"\" srcset=\"https:\/\/juanjosuarez.life\/wp-content\/uploads\/2024\/02\/img_5111-63x50.jpg 63w, https:\/\/juanjosuarez.life\/wp-content\/uploads\/2024\/02\/img_5111-480x380.jpg 480w\" sizes=\"(max-width: 63px) 100vw, 63px\" \/>\t\t<span class=\"h6\">\u00bfEstamos luchando por la Humanidad o s\u00e9 activo nuestro instinto de supervivencia?<\/span>\n<\/a>\n\t<div class=\"cats_w\">\n\t\t\t\t\t<a href=\"https:\/\/juanjosuarez.life\/en\/category\/quebrando-cascarones\/\">\n                Quebrando Cascarones            <\/a><span class=\"comma\">,<\/span>\n\t\t\t<\/div>\n                <\/div>\n\t\t\t\t\t\t\t\t<\/aside><aside id=\"block-11\" class=\"widget widget_block widget_text\">\n<p><strong>Juan Jos\u00e9 Su\u00e1rez Vinueza<\/strong>, o Juanjo, como fui conocido desde mi infancia, nacido en Cuenca-Ecuador. Con 36 a\u00f1os, entre en el camino del desarrollo personal desde hace 4 a\u00f1os y pude descubrir que para recuperar tu salud, primero tienes que recuperarte a ti mismo. Fisioterapeuta de profesi\u00f3n, desde hace 14 a\u00f1os, tiempo en el que me he ido formado y capacitando para dar cada vez un mejor servicio a la comunidad.<\/p>\n<\/aside><aside id=\"search-2\" class=\"widget widget_search\"><div class=\"widget_title\"><h3>B\u00fasqueda<\/h3><\/div><form role=\"search\" method=\"get\" class=\"search-form\" action=\"\/en\/\" data-trp-original-action=\"https:\/\/juanjosuarez.life\/en\/\">\n\t\t\t\t<label>\n\t\t\t\t\t<span class=\"screen-reader-text\">Search for:<\/span>\n\t\t\t\t\t<input type=\"search\" class=\"search-field\" placeholder=\"Search &hellip;\" value=\"\" name=\"s\" \/>\n\t\t\t\t<\/label>\n\t\t\t\t<input type=\"submit\" class=\"search-submit\" value=\"Search\" \/>\n\t\t\t<input type=\"hidden\" name=\"trp-form-language\" value=\"en\"\/><\/form><\/aside>\n\t\t<\/div>\n\t<\/div>\n<\/div><\/div><\/div><\/div>\n\n<\/div>","protected":false},"excerpt":{"rendered":"Creas lo que crees. \u00bfEn qu\u00e9 mundo quieres vivir? El momento que vivimos hoy, me ha llevado a pensar en algunas cosas, que las escribo para poderlas compartir. No hace falta ser un erudito en el tema, para darnos cuenta que lo que esta pasando hoy en d\u00eda, con esto del virus y del aislamiento, [...]","protected":false},"author":1,"featured_media":50680,"comment_status":"open","ping_status":"open","sticky":false,"template":"","format":"standard","meta":{"_acf_changed":false,"pmpro_default_level":0,"footnotes":""},"categories":[97],"tags":[],"class_list":["post-50677","post","type-post","status-publish","format-standard","has-post-thumbnail","hentry","category-quebrando-cascarones","pmpro-has-access"],"acf":[],"yoast_head":"<!-- This site is optimized with the Yoast SEO plugin v22.2 - https:\/\/yoast.com\/wordpress\/plugins\/seo\/ -->\n<title>\u00bfEstamos luchando por la Humanidad o s\u00e9 activo nuestro instinto de supervivencia? - Juanjo Su\u00e1rez<\/title>\n<meta name=\"robots\" content=\"index, follow, max-snippet:-1, max-image-preview:large, max-video-preview:-1\" \/>\n<link rel=\"canonical\" href=\"https:\/\/juanjosuarez.life\/en\/estamos-luchando-por-la-humanidad-o-se-activo-nuestro-instinto-de-supervivencia\/\" \/>\n<meta property=\"og:locale\" content=\"en_GB\" \/>\n<meta property=\"og:type\" content=\"article\" \/>\n<meta property=\"og:title\" content=\"\u00bfEstamos luchando por la Humanidad o s\u00e9 activo nuestro instinto de supervivencia? - Juanjo Su\u00e1rez\" \/>\n<meta property=\"og:url\" content=\"https:\/\/juanjosuarez.life\/en\/estamos-luchando-por-la-humanidad-o-se-activo-nuestro-instinto-de-supervivencia\/\" \/>\n<meta property=\"og:site_name\" content=\"Juanjo Su\u00e1rez\" \/>\n<meta property=\"article:published_time\" content=\"2024-02-16T15:55:30+00:00\" \/>\n<meta property=\"article:modified_time\" content=\"2024-02-16T16:00:53+00:00\" \/>\n<meta property=\"og:image\" content=\"https:\/\/juanjosuarez.life\/wp-content\/uploads\/2024\/02\/img_5111.jpg\" \/>\n\t<meta property=\"og:image:width\" content=\"1000\" \/>\n\t<meta property=\"og:image:height\" content=\"567\" \/>\n\t<meta property=\"og:image:type\" content=\"image\/jpeg\" \/>\n<meta name=\"author\" content=\"evelyn_mcm\" \/>\n<meta name=\"twitter:card\" content=\"summary_large_image\" \/>\n<script type=\"application\/ld+json\" class=\"yoast-schema-graph\">{\"@context\":\"https:\/\/schema.org\",\"@graph\":[{\"@type\":\"WebPage\",\"@id\":\"https:\/\/juanjosuarez.life\/en\/estamos-luchando-por-la-humanidad-o-se-activo-nuestro-instinto-de-supervivencia\/\",\"url\":\"https:\/\/juanjosuarez.life\/en\/estamos-luchando-por-la-humanidad-o-se-activo-nuestro-instinto-de-supervivencia\/\",\"name\":\"\u00bfEstamos luchando por la Humanidad o s\u00e9 activo nuestro instinto de supervivencia? - Juanjo Su\u00e1rez\",\"isPartOf\":{\"@id\":\"https:\/\/juanjosuarez.life\/en\/#website\"},\"primaryImageOfPage\":{\"@id\":\"https:\/\/juanjosuarez.life\/en\/estamos-luchando-por-la-humanidad-o-se-activo-nuestro-instinto-de-supervivencia\/#primaryimage\"},\"image\":{\"@id\":\"https:\/\/juanjosuarez.life\/en\/estamos-luchando-por-la-humanidad-o-se-activo-nuestro-instinto-de-supervivencia\/#primaryimage\"},\"thumbnailUrl\":\"https:\/\/juanjosuarez.life\/wp-content\/uploads\/2024\/02\/img_5111.jpg\",\"datePublished\":\"2024-02-16T15:55:30+00:00\",\"dateModified\":\"2024-02-16T16:00:53+00:00\",\"author\":{\"@id\":\"https:\/\/juanjosuarez.life\/en\/#\/schema\/person\/85d74d905b29a0ee095fbc68f4b66cd0\"},\"breadcrumb\":{\"@id\":\"https:\/\/juanjosuarez.life\/en\/estamos-luchando-por-la-humanidad-o-se-activo-nuestro-instinto-de-supervivencia\/#breadcrumb\"},\"inLanguage\":\"en-GB\",\"potentialAction\":[{\"@type\":\"ReadAction\",\"target\":[\"https:\/\/juanjosuarez.life\/en\/estamos-luchando-por-la-humanidad-o-se-activo-nuestro-instinto-de-supervivencia\/\"]}]},{\"@type\":\"ImageObject\",\"inLanguage\":\"en-GB\",\"@id\":\"https:\/\/juanjosuarez.life\/en\/estamos-luchando-por-la-humanidad-o-se-activo-nuestro-instinto-de-supervivencia\/#primaryimage\",\"url\":\"https:\/\/juanjosuarez.life\/wp-content\/uploads\/2024\/02\/img_5111.jpg\",\"contentUrl\":\"https:\/\/juanjosuarez.life\/wp-content\/uploads\/2024\/02\/img_5111.jpg\",\"width\":1000,\"height\":567},{\"@type\":\"BreadcrumbList\",\"@id\":\"https:\/\/juanjosuarez.life\/en\/estamos-luchando-por-la-humanidad-o-se-activo-nuestro-instinto-de-supervivencia\/#breadcrumb\",\"itemListElement\":[{\"@type\":\"ListItem\",\"position\":1,\"name\":\"Juanjo Su\u00e1rez\",\"item\":\"https:\/\/juanjosuarez.life\/en\/\"},{\"@type\":\"ListItem\",\"position\":2,\"name\":\"\u00bfEstamos luchando por la Humanidad o s\u00e9 activo nuestro instinto de supervivencia?\"}]},{\"@type\":\"WebSite\",\"@id\":\"https:\/\/juanjosuarez.life\/en\/#website\",\"url\":\"https:\/\/juanjosuarez.life\/en\/\",\"name\":\"Juanjo Su\u00e1rez\",\"description\":\"Juan Jos\u00e9 Su\u00e1rez Vinueza, o Juanjo, como fui conocido desde mi infancia, nacido en Cuenca-Ecuador. Mi formaci\u00f3n me hacia pensar el cuerpo como la estructura que nos dirige. A los 33 a\u00f1os, entr\u00e9 en el camino del desarrollo personal, por una invitaci\u00f3n de la vida para corregir \u00e1reas de mi vida con las que no estaba conforme. Y pude descubrir que para recuperar tu salud, primero tienes que recuperarte a ti mismo. Fisioterapeuta de profesi\u00f3n, llevo ejerciendo desde el a\u00f1o 2007, tiempo en el que me he ido formado y capacitando para dar cada vez un mejor servicio a la comunidad.\",\"potentialAction\":[{\"@type\":\"SearchAction\",\"target\":{\"@type\":\"EntryPoint\",\"urlTemplate\":\"https:\/\/juanjosuarez.life\/en\/?s={search_term_string}\"},\"query-input\":\"required name=search_term_string\"}],\"inLanguage\":\"en-GB\"},{\"@type\":\"Person\",\"@id\":\"https:\/\/juanjosuarez.life\/en\/#\/schema\/person\/85d74d905b29a0ee095fbc68f4b66cd0\",\"name\":\"evelyn_mcm\",\"image\":{\"@type\":\"ImageObject\",\"inLanguage\":\"en-GB\",\"@id\":\"https:\/\/juanjosuarez.life\/en\/#\/schema\/person\/image\/\",\"url\":\"https:\/\/secure.gravatar.com\/avatar\/e5976c405a87520c568ea00166d5badc844cccf3c58e624e2323f6fc1304b516?s=96&d=mm&r=g\",\"contentUrl\":\"https:\/\/secure.gravatar.com\/avatar\/e5976c405a87520c568ea00166d5badc844cccf3c58e624e2323f6fc1304b516?s=96&d=mm&r=g\",\"caption\":\"evelyn_mcm\"},\"sameAs\":[\"https:\/\/juanjosuarez.life\"],\"url\":\"https:\/\/juanjosuarez.life\/en\/author\/evelyn_mcm\/\"}]}<\/script>\n<!-- \/ Yoast SEO plugin. -->","yoast_head_json":{"title":"\u00bfEstamos luchando por la Humanidad o s\u00e9 activo nuestro instinto de supervivencia? - Juanjo Su\u00e1rez","robots":{"index":"index","follow":"follow","max-snippet":"max-snippet:-1","max-image-preview":"max-image-preview:large","max-video-preview":"max-video-preview:-1"},"canonical":"https:\/\/juanjosuarez.life\/en\/estamos-luchando-por-la-humanidad-o-se-activo-nuestro-instinto-de-supervivencia\/","og_locale":"en_GB","og_type":"article","og_title":"\u00bfEstamos luchando por la Humanidad o s\u00e9 activo nuestro instinto de supervivencia? - Juanjo Su\u00e1rez","og_url":"https:\/\/juanjosuarez.life\/en\/estamos-luchando-por-la-humanidad-o-se-activo-nuestro-instinto-de-supervivencia\/","og_site_name":"Juanjo Su\u00e1rez","article_published_time":"2024-02-16T15:55:30+00:00","article_modified_time":"2024-02-16T16:00:53+00:00","og_image":[{"width":1000,"height":567,"url":"https:\/\/juanjosuarez.life\/wp-content\/uploads\/2024\/02\/img_5111.jpg","type":"image\/jpeg"}],"author":"evelyn_mcm","twitter_card":"summary_large_image","schema":{"@context":"https:\/\/schema.org","@graph":[{"@type":"WebPage","@id":"https:\/\/juanjosuarez.life\/en\/estamos-luchando-por-la-humanidad-o-se-activo-nuestro-instinto-de-supervivencia\/","url":"https:\/\/juanjosuarez.life\/en\/estamos-luchando-por-la-humanidad-o-se-activo-nuestro-instinto-de-supervivencia\/","name":"\u00bfEstamos luchando por la Humanidad o s\u00e9 activo nuestro instinto de supervivencia? - Juanjo Su\u00e1rez","isPartOf":{"@id":"https:\/\/juanjosuarez.life\/en\/#website"},"primaryImageOfPage":{"@id":"https:\/\/juanjosuarez.life\/en\/estamos-luchando-por-la-humanidad-o-se-activo-nuestro-instinto-de-supervivencia\/#primaryimage"},"image":{"@id":"https:\/\/juanjosuarez.life\/en\/estamos-luchando-por-la-humanidad-o-se-activo-nuestro-instinto-de-supervivencia\/#primaryimage"},"thumbnailUrl":"https:\/\/juanjosuarez.life\/wp-content\/uploads\/2024\/02\/img_5111.jpg","datePublished":"2024-02-16T15:55:30+00:00","dateModified":"2024-02-16T16:00:53+00:00","author":{"@id":"https:\/\/juanjosuarez.life\/en\/#\/schema\/person\/85d74d905b29a0ee095fbc68f4b66cd0"},"breadcrumb":{"@id":"https:\/\/juanjosuarez.life\/en\/estamos-luchando-por-la-humanidad-o-se-activo-nuestro-instinto-de-supervivencia\/#breadcrumb"},"inLanguage":"en-GB","potentialAction":[{"@type":"ReadAction","target":["https:\/\/juanjosuarez.life\/en\/estamos-luchando-por-la-humanidad-o-se-activo-nuestro-instinto-de-supervivencia\/"]}]},{"@type":"ImageObject","inLanguage":"en-GB","@id":"https:\/\/juanjosuarez.life\/en\/estamos-luchando-por-la-humanidad-o-se-activo-nuestro-instinto-de-supervivencia\/#primaryimage","url":"https:\/\/juanjosuarez.life\/wp-content\/uploads\/2024\/02\/img_5111.jpg","contentUrl":"https:\/\/juanjosuarez.life\/wp-content\/uploads\/2024\/02\/img_5111.jpg","width":1000,"height":567},{"@type":"BreadcrumbList","@id":"https:\/\/juanjosuarez.life\/en\/estamos-luchando-por-la-humanidad-o-se-activo-nuestro-instinto-de-supervivencia\/#breadcrumb","itemListElement":[{"@type":"ListItem","position":1,"name":"Juanjo Su\u00e1rez","item":"https:\/\/juanjosuarez.life\/en\/"},{"@type":"ListItem","position":2,"name":"\u00bfEstamos luchando por la Humanidad o s\u00e9 activo nuestro instinto de supervivencia?"}]},{"@type":"WebSite","@id":"https:\/\/juanjosuarez.life\/en\/#website","url":"https:\/\/juanjosuarez.life\/en\/","name":"Juanjo Su\u00e1rez","description":"Juan Jos\u00e9 Su\u00e1rez Vinueza, o Juanjo, como fui conocido desde mi infancia, nacido en Cuenca-Ecuador. Mi formaci\u00f3n me hacia pensar el cuerpo como la estructura que nos dirige. A los 33 a\u00f1os, entr\u00e9 en el camino del desarrollo personal, por una invitaci\u00f3n de la vida para corregir \u00e1reas de mi vida con las que no estaba conforme. Y pude descubrir que para recuperar tu salud, primero tienes que recuperarte a ti mismo. Fisioterapeuta de profesi\u00f3n, llevo ejerciendo desde el a\u00f1o 2007, tiempo en el que me he ido formado y capacitando para dar cada vez un mejor servicio a la comunidad.","potentialAction":[{"@type":"SearchAction","target":{"@type":"EntryPoint","urlTemplate":"https:\/\/juanjosuarez.life\/en\/?s={search_term_string}"},"query-input":"required name=search_term_string"}],"inLanguage":"en-GB"},{"@type":"Person","@id":"https:\/\/juanjosuarez.life\/en\/#\/schema\/person\/85d74d905b29a0ee095fbc68f4b66cd0","name":"evelyn_mcm","image":{"@type":"ImageObject","inLanguage":"en-GB","@id":"https:\/\/juanjosuarez.life\/en\/#\/schema\/person\/image\/","url":"https:\/\/secure.gravatar.com\/avatar\/e5976c405a87520c568ea00166d5badc844cccf3c58e624e2323f6fc1304b516?s=96&d=mm&r=g","contentUrl":"https:\/\/secure.gravatar.com\/avatar\/e5976c405a87520c568ea00166d5badc844cccf3c58e624e2323f6fc1304b516?s=96&d=mm&r=g","caption":"evelyn_mcm"},"sameAs":["https:\/\/juanjosuarez.life"],"url":"https:\/\/juanjosuarez.life\/en\/author\/evelyn_mcm\/"}]}},"_links":{"self":[{"href":"https:\/\/juanjosuarez.life\/en\/wp-json\/wp\/v2\/posts\/50677","targetHints":{"allow":["GET"]}}],"collection":[{"href":"https:\/\/juanjosuarez.life\/en\/wp-json\/wp\/v2\/posts"}],"about":[{"href":"https:\/\/juanjosuarez.life\/en\/wp-json\/wp\/v2\/types\/post"}],"author":[{"embeddable":true,"href":"https:\/\/juanjosuarez.life\/en\/wp-json\/wp\/v2\/users\/1"}],"replies":[{"embeddable":true,"href":"https:\/\/juanjosuarez.life\/en\/wp-json\/wp\/v2\/comments?post=50677"}],"version-history":[{"count":3,"href":"https:\/\/juanjosuarez.life\/en\/wp-json\/wp\/v2\/posts\/50677\/revisions"}],"predecessor-version":[{"id":50681,"href":"https:\/\/juanjosuarez.life\/en\/wp-json\/wp\/v2\/posts\/50677\/revisions\/50681"}],"wp:featuredmedia":[{"embeddable":true,"href":"https:\/\/juanjosuarez.life\/en\/wp-json\/wp\/v2\/media\/50680"}],"wp:attachment":[{"href":"https:\/\/juanjosuarez.life\/en\/wp-json\/wp\/v2\/media?parent=50677"}],"wp:term":[{"taxonomy":"category","embeddable":true,"href":"https:\/\/juanjosuarez.life\/en\/wp-json\/wp\/v2\/categories?post=50677"},{"taxonomy":"post_tag","embeddable":true,"href":"https:\/\/juanjosuarez.life\/en\/wp-json\/wp\/v2\/tags?post=50677"}],"curies":[{"name":"wp","href":"https:\/\/api.w.org\/{rel}","templated":true}]}}