{"id":50682,"date":"2024-02-16T17:08:51","date_gmt":"2024-02-16T16:08:51","guid":{"rendered":"https:\/\/juanjosuarez.life\/?p=50682"},"modified":"2024-02-16T17:10:03","modified_gmt":"2024-02-16T16:10:03","slug":"no-te-lo-tomes-personal","status":"publish","type":"post","link":"https:\/\/juanjosuarez.life\/en\/no-te-lo-tomes-personal\/","title":{"rendered":"No te lo tomes personal"},"content":{"rendered":"<div class=\"wpb-content-wrapper\">\n<div class=\"vc_row wpb_row vc_row-fluid\">\n\t\t<div class=\"wpb_column vc_column_container vc_col-sm-8\"><div class=\"vc_column-inner\"><div class=\"wpb_wrapper\">\n\t<div class=\"wpb_text_column wpb_content_element\" >\n\t\t<div class=\"wpb_wrapper\">\n\t\t\t<p>Hoy en d\u00eda todos estamos tan susceptibles y tan encerrados en nuestra mente y nuestras creencias, que nos olvidamos que somos parte de un todo, de un mundo, de un universo. Nos olvidamos que la vida que vivimos, es un camino y un aprendizaje continuo, venimos a cometer errores y a aprender de ellos.<\/p>\n\n\t\t<\/div>\n\t<\/div>\n\n\t<div class=\"wpb_text_column wpb_content_element\" >\n\t\t<div class=\"wpb_wrapper\">\n\t\t\t<p>El problema es, que como estamos tan susceptibles, nos desmoronamos cuando cometemos un error, y peor a\u00fan, nos fastidiamos cuando alguien m\u00e1s los comete.<\/p>\n\n\t\t<\/div>\n\t<\/div>\n\n\t<div class=\"wpb_text_column wpb_content_element\" >\n\t\t<div class=\"wpb_wrapper\">\n\t\t\t<p>Solo recuerda, \u00bfc\u00f3mo aprendiste a caminar? Cayendo, \u00bfc\u00f3mo aprendiste escribir? Tachando, borrando y volviendo a intentar; y as\u00ed todo en la vida. Entonces pregunto \u00bfc\u00f3mo aprender\u00e1s a vivir? Voy dejar 4 consejos del libro los 4 acuerdo que me ayudaron de mucho, en este camino de aprender a vivir.<\/p>\n\n\t\t<\/div>\n\t<\/div>\n\n\t<div class=\"wpb_text_column wpb_content_element\" >\n\t\t<div class=\"wpb_wrapper\">\n\t\t\t<ol>\n<li><strong>Usa tus palabras para bien. <\/strong>Si no tienes para bueno para decir mejor no digas nada.<\/li>\n<li><strong>No supongas. <\/strong>Dejar que tu mente se alimente de ideas creadas por ti, usualmente no es buen negocio, m\u00e1s si esas ideas generan en ti sentimientos de inseguridad y angustia, si tienes una duda, pregunta, si tienes una inquietud con alguien, acl\u00e1rala.<\/li>\n<li><strong>Haz lo mejor puedas.\u00a0<\/strong>Cu\u00e1nto tengas que hacer algo, prestar un servicio, hacer un favor, hacer tu trabajo, hazlo con todo tu amor, todo tu empe\u00f1o y todas tus ganas, siempre al servicio de los dem\u00e1s, no hagas m\u00e1s de lo que puedes, porque te robas la energ\u00eda, pero tampoco hagas menos de lo que sabes que puedes hacer, porque te limitas.<\/li>\n<li><strong>No te lo tomes personal.\u00a0<\/strong>Este para m\u00ed, es el que m\u00e1s me ha ayudado. La gente hace cosas, nadie \u201cte hace cosas\u201d la gente comete errores, ninguna persona, decide fallar para hacerte da\u00f1o, adem\u00e1s recuerda, que el acuerdo 3, te ayuda a pensar que cada persona lo hace lo mejor que puede.<\/li>\n<\/ol>\n\n\t\t<\/div>\n\t<\/div>\n\n\t<div  class=\"wpb_single_image wpb_content_element vc_align_center\">\n\t\t\n\t\t<figure class=\"wpb_wrapper vc_figure\">\n\t\t\t<div class=\"vc_single_image-wrapper   vc_box_border_grey\"><img fetchpriority=\"high\" decoding=\"async\" width=\"979\" height=\"1024\" src=\"https:\/\/juanjosuarez.life\/wp-content\/uploads\/2024\/02\/image.webp\" class=\"vc_single_image-img attachment-full\" alt=\"\" title=\"image\" srcset=\"https:\/\/juanjosuarez.life\/wp-content\/uploads\/2024\/02\/image.webp 979w, https:\/\/juanjosuarez.life\/wp-content\/uploads\/2024\/02\/image-287x300.webp 287w, https:\/\/juanjosuarez.life\/wp-content\/uploads\/2024\/02\/image-768x803.webp 768w, https:\/\/juanjosuarez.life\/wp-content\/uploads\/2024\/02\/image-270x283.webp 270w, https:\/\/juanjosuarez.life\/wp-content\/uploads\/2024\/02\/image-600x628.webp 600w\" sizes=\"(max-width: 979px) 100vw, 979px\" \/><\/div>\n\t\t<\/figure>\n\t<\/div>\n\n\t<div class=\"wpb_text_column wpb_content_element\" >\n\t\t<div class=\"wpb_wrapper\">\n\t\t\t<p>En Teotihuac\u00e1n se hac\u00edan sacrificios, para que podamos acceder a nuestra faceta de dioses, tu quieres descubrir esta faceta?<\/p>\n\n\t\t<\/div>\n\t<\/div>\n<\/div><\/div><\/div><div class=\"wpb_column vc_column_container vc_col-sm-4\"><div class=\"vc_column-inner\"><div class=\"wpb_wrapper\"><div  class=\"wpb_widgetised_column wpb_content_element\">\n\t\t<div class=\"wpb_wrapper\">\n\t\t\t\n\t\t\t<aside id=\"stm_recent_posts-3\" class=\"widget widget_stm_recent_posts\"><div class=\"widget_title\"><h3>Entradas Recientes<\/h3><\/div>\t\t\t                <div class=\"widget_media clearfix widget_media_style_1\">\n\t\t\t\t\t<a href=\"https:\/\/juanjosuarez.life\/en\/renacer-en-la-consciencia\/\">\n\t\t\t<img decoding=\"async\" width=\"63\" height=\"50\" src=\"https:\/\/juanjosuarez.life\/wp-content\/uploads\/2024\/02\/img_2943-1-63x50.webp\" class=\"img-responsive wp-post-image\" alt=\"\" srcset=\"https:\/\/juanjosuarez.life\/wp-content\/uploads\/2024\/02\/img_2943-1-63x50.webp 63w, https:\/\/juanjosuarez.life\/wp-content\/uploads\/2024\/02\/img_2943-1-480x380.webp 480w, https:\/\/juanjosuarez.life\/wp-content\/uploads\/2024\/02\/img_2943-1-16x12.webp 16w\" sizes=\"(max-width: 63px) 100vw, 63px\" \/>\t\t<span class=\"h6\">Renacer en la consciencia<\/span>\n<\/a>\n\t<div class=\"cats_w\">\n\t\t\t\t\t<a href=\"https:\/\/juanjosuarez.life\/en\/category\/quebrando-cascarones\/\">\n                Quebrando Cascarones            <\/a><span class=\"comma\">,<\/span>\n\t\t\t<\/div>\n                <\/div>\n\t\t\t                <div class=\"widget_media clearfix widget_media_style_1\">\n\t\t\t\t\t<a href=\"https:\/\/juanjosuarez.life\/en\/no-te-lo-tomes-personal\/\">\n\t\t\t<img decoding=\"async\" width=\"63\" height=\"50\" src=\"https:\/\/juanjosuarez.life\/wp-content\/uploads\/2024\/02\/image-63x50.webp\" class=\"img-responsive wp-post-image\" alt=\"\" srcset=\"https:\/\/juanjosuarez.life\/wp-content\/uploads\/2024\/02\/image-63x50.webp 63w, https:\/\/juanjosuarez.life\/wp-content\/uploads\/2024\/02\/image-979x800.webp 979w, https:\/\/juanjosuarez.life\/wp-content\/uploads\/2024\/02\/image-480x380.webp 480w\" sizes=\"(max-width: 63px) 100vw, 63px\" \/>\t\t<span class=\"h6\">No te lo tomes personal<\/span>\n<\/a>\n\t<div class=\"cats_w\">\n\t\t\t\t\t<a href=\"https:\/\/juanjosuarez.life\/en\/category\/quebrando-cascarones\/\">\n                Quebrando Cascarones            <\/a><span class=\"comma\">,<\/span>\n\t\t\t<\/div>\n                <\/div>\n\t\t\t                <div class=\"widget_media clearfix widget_media_style_1\">\n\t\t\t\t\t<a href=\"https:\/\/juanjosuarez.life\/en\/estamos-luchando-por-la-humanidad-o-se-activo-nuestro-instinto-de-supervivencia\/\">\n\t\t\t<img loading=\"lazy\" decoding=\"async\" width=\"63\" height=\"50\" src=\"https:\/\/juanjosuarez.life\/wp-content\/uploads\/2024\/02\/img_5111-63x50.jpg\" class=\"img-responsive wp-post-image\" alt=\"\" srcset=\"https:\/\/juanjosuarez.life\/wp-content\/uploads\/2024\/02\/img_5111-63x50.jpg 63w, https:\/\/juanjosuarez.life\/wp-content\/uploads\/2024\/02\/img_5111-480x380.jpg 480w\" sizes=\"(max-width: 63px) 100vw, 63px\" \/>\t\t<span class=\"h6\">\u00bfEstamos luchando por la Humanidad o s\u00e9 activo nuestro instinto de supervivencia?<\/span>\n<\/a>\n\t<div class=\"cats_w\">\n\t\t\t\t\t<a href=\"https:\/\/juanjosuarez.life\/en\/category\/quebrando-cascarones\/\">\n                Quebrando Cascarones            <\/a><span class=\"comma\">,<\/span>\n\t\t\t<\/div>\n                <\/div>\n\t\t\t\t\t\t\t\t<\/aside><aside id=\"block-11\" class=\"widget widget_block widget_text\">\n<p><strong>Juan Jos\u00e9 Su\u00e1rez Vinueza<\/strong>, o Juanjo, como fui conocido desde mi infancia, nacido en Cuenca-Ecuador. Con 36 a\u00f1os, entre en el camino del desarrollo personal desde hace 4 a\u00f1os y pude descubrir que para recuperar tu salud, primero tienes que recuperarte a ti mismo. Fisioterapeuta de profesi\u00f3n, desde hace 14 a\u00f1os, tiempo en el que me he ido formado y capacitando para dar cada vez un mejor servicio a la comunidad.<\/p>\n<\/aside><aside id=\"search-2\" class=\"widget widget_search\"><div class=\"widget_title\"><h3>B\u00fasqueda<\/h3><\/div><form role=\"search\" method=\"get\" class=\"search-form\" action=\"\/en\/\" data-trp-original-action=\"https:\/\/juanjosuarez.life\/en\/\">\n\t\t\t\t<label>\n\t\t\t\t\t<span class=\"screen-reader-text\">Search for:<\/span>\n\t\t\t\t\t<input type=\"search\" class=\"search-field\" placeholder=\"Search &hellip;\" value=\"\" name=\"s\" \/>\n\t\t\t\t<\/label>\n\t\t\t\t<input type=\"submit\" class=\"search-submit\" value=\"Search\" \/>\n\t\t\t<input type=\"hidden\" name=\"trp-form-language\" value=\"en\"\/><\/form><\/aside>\n\t\t<\/div>\n\t<\/div>\n<\/div><\/div><\/div><\/div>\n\n<\/div>","protected":false},"excerpt":{"rendered":"Creas lo que crees. \u00bfEn qu\u00e9 mundo quieres vivir? El momento que vivimos hoy, me ha llevado a pensar en algunas cosas, que las escribo para poderlas compartir. No hace falta ser un erudito en el tema, para darnos cuenta que lo que esta pasando hoy en d\u00eda, con esto del virus y del aislamiento, [...]","protected":false},"author":1,"featured_media":50685,"comment_status":"open","ping_status":"open","sticky":false,"template":"","format":"standard","meta":{"_acf_changed":false,"pmpro_default_level":0,"footnotes":""},"categories":[97],"tags":[],"class_list":["post-50682","post","type-post","status-publish","format-standard","has-post-thumbnail","hentry","category-quebrando-cascarones","pmpro-has-access"],"acf":[],"yoast_head":"<!-- This site is optimized with the Yoast SEO plugin v22.2 - https:\/\/yoast.com\/wordpress\/plugins\/seo\/ -->\n<title>No te lo tomes personal - Juanjo Su\u00e1rez<\/title>\n<meta name=\"robots\" content=\"index, follow, max-snippet:-1, max-image-preview:large, max-video-preview:-1\" \/>\n<link rel=\"canonical\" href=\"https:\/\/juanjosuarez.life\/en\/no-te-lo-tomes-personal\/\" \/>\n<meta property=\"og:locale\" content=\"en_GB\" \/>\n<meta property=\"og:type\" content=\"article\" \/>\n<meta property=\"og:title\" content=\"No te lo tomes personal - Juanjo Su\u00e1rez\" \/>\n<meta property=\"og:url\" content=\"https:\/\/juanjosuarez.life\/en\/no-te-lo-tomes-personal\/\" \/>\n<meta property=\"og:site_name\" content=\"Juanjo Su\u00e1rez\" \/>\n<meta property=\"article:published_time\" content=\"2024-02-16T16:08:51+00:00\" \/>\n<meta property=\"article:modified_time\" content=\"2024-02-16T16:10:03+00:00\" \/>\n<meta property=\"og:image\" content=\"https:\/\/juanjosuarez.life\/wp-content\/uploads\/2024\/02\/image.webp\" \/>\n\t<meta property=\"og:image:width\" content=\"979\" \/>\n\t<meta property=\"og:image:height\" content=\"1024\" \/>\n\t<meta property=\"og:image:type\" content=\"image\/webp\" \/>\n<meta name=\"author\" content=\"evelyn_mcm\" \/>\n<meta name=\"twitter:card\" content=\"summary_large_image\" \/>\n<script type=\"application\/ld+json\" class=\"yoast-schema-graph\">{\"@context\":\"https:\/\/schema.org\",\"@graph\":[{\"@type\":\"WebPage\",\"@id\":\"https:\/\/juanjosuarez.life\/en\/no-te-lo-tomes-personal\/\",\"url\":\"https:\/\/juanjosuarez.life\/en\/no-te-lo-tomes-personal\/\",\"name\":\"No te lo tomes personal - Juanjo Su\u00e1rez\",\"isPartOf\":{\"@id\":\"https:\/\/juanjosuarez.life\/en\/#website\"},\"primaryImageOfPage\":{\"@id\":\"https:\/\/juanjosuarez.life\/en\/no-te-lo-tomes-personal\/#primaryimage\"},\"image\":{\"@id\":\"https:\/\/juanjosuarez.life\/en\/no-te-lo-tomes-personal\/#primaryimage\"},\"thumbnailUrl\":\"https:\/\/juanjosuarez.life\/wp-content\/uploads\/2024\/02\/image.webp\",\"datePublished\":\"2024-02-16T16:08:51+00:00\",\"dateModified\":\"2024-02-16T16:10:03+00:00\",\"author\":{\"@id\":\"https:\/\/juanjosuarez.life\/en\/#\/schema\/person\/85d74d905b29a0ee095fbc68f4b66cd0\"},\"breadcrumb\":{\"@id\":\"https:\/\/juanjosuarez.life\/en\/no-te-lo-tomes-personal\/#breadcrumb\"},\"inLanguage\":\"en-GB\",\"potentialAction\":[{\"@type\":\"ReadAction\",\"target\":[\"https:\/\/juanjosuarez.life\/en\/no-te-lo-tomes-personal\/\"]}]},{\"@type\":\"ImageObject\",\"inLanguage\":\"en-GB\",\"@id\":\"https:\/\/juanjosuarez.life\/en\/no-te-lo-tomes-personal\/#primaryimage\",\"url\":\"https:\/\/juanjosuarez.life\/wp-content\/uploads\/2024\/02\/image.webp\",\"contentUrl\":\"https:\/\/juanjosuarez.life\/wp-content\/uploads\/2024\/02\/image.webp\",\"width\":979,\"height\":1024},{\"@type\":\"BreadcrumbList\",\"@id\":\"https:\/\/juanjosuarez.life\/en\/no-te-lo-tomes-personal\/#breadcrumb\",\"itemListElement\":[{\"@type\":\"ListItem\",\"position\":1,\"name\":\"Juanjo Su\u00e1rez\",\"item\":\"https:\/\/juanjosuarez.life\/en\/\"},{\"@type\":\"ListItem\",\"position\":2,\"name\":\"No te lo tomes personal\"}]},{\"@type\":\"WebSite\",\"@id\":\"https:\/\/juanjosuarez.life\/en\/#website\",\"url\":\"https:\/\/juanjosuarez.life\/en\/\",\"name\":\"Juanjo Su\u00e1rez\",\"description\":\"Juan Jos\u00e9 Su\u00e1rez Vinueza, o Juanjo, como fui conocido desde mi infancia, nacido en Cuenca-Ecuador. Mi formaci\u00f3n me hacia pensar el cuerpo como la estructura que nos dirige. A los 33 a\u00f1os, entr\u00e9 en el camino del desarrollo personal, por una invitaci\u00f3n de la vida para corregir \u00e1reas de mi vida con las que no estaba conforme. Y pude descubrir que para recuperar tu salud, primero tienes que recuperarte a ti mismo. Fisioterapeuta de profesi\u00f3n, llevo ejerciendo desde el a\u00f1o 2007, tiempo en el que me he ido formado y capacitando para dar cada vez un mejor servicio a la comunidad.\",\"potentialAction\":[{\"@type\":\"SearchAction\",\"target\":{\"@type\":\"EntryPoint\",\"urlTemplate\":\"https:\/\/juanjosuarez.life\/en\/?s={search_term_string}\"},\"query-input\":\"required name=search_term_string\"}],\"inLanguage\":\"en-GB\"},{\"@type\":\"Person\",\"@id\":\"https:\/\/juanjosuarez.life\/en\/#\/schema\/person\/85d74d905b29a0ee095fbc68f4b66cd0\",\"name\":\"evelyn_mcm\",\"image\":{\"@type\":\"ImageObject\",\"inLanguage\":\"en-GB\",\"@id\":\"https:\/\/juanjosuarez.life\/en\/#\/schema\/person\/image\/\",\"url\":\"https:\/\/secure.gravatar.com\/avatar\/e5976c405a87520c568ea00166d5badc844cccf3c58e624e2323f6fc1304b516?s=96&d=mm&r=g\",\"contentUrl\":\"https:\/\/secure.gravatar.com\/avatar\/e5976c405a87520c568ea00166d5badc844cccf3c58e624e2323f6fc1304b516?s=96&d=mm&r=g\",\"caption\":\"evelyn_mcm\"},\"sameAs\":[\"https:\/\/juanjosuarez.life\"],\"url\":\"https:\/\/juanjosuarez.life\/en\/author\/evelyn_mcm\/\"}]}<\/script>\n<!-- \/ Yoast SEO plugin. -->","yoast_head_json":{"title":"No te lo tomes personal - Juanjo Su\u00e1rez","robots":{"index":"index","follow":"follow","max-snippet":"max-snippet:-1","max-image-preview":"max-image-preview:large","max-video-preview":"max-video-preview:-1"},"canonical":"https:\/\/juanjosuarez.life\/en\/no-te-lo-tomes-personal\/","og_locale":"en_GB","og_type":"article","og_title":"No te lo tomes personal - Juanjo Su\u00e1rez","og_url":"https:\/\/juanjosuarez.life\/en\/no-te-lo-tomes-personal\/","og_site_name":"Juanjo Su\u00e1rez","article_published_time":"2024-02-16T16:08:51+00:00","article_modified_time":"2024-02-16T16:10:03+00:00","og_image":[{"width":979,"height":1024,"url":"https:\/\/juanjosuarez.life\/wp-content\/uploads\/2024\/02\/image.webp","type":"image\/webp"}],"author":"evelyn_mcm","twitter_card":"summary_large_image","schema":{"@context":"https:\/\/schema.org","@graph":[{"@type":"WebPage","@id":"https:\/\/juanjosuarez.life\/en\/no-te-lo-tomes-personal\/","url":"https:\/\/juanjosuarez.life\/en\/no-te-lo-tomes-personal\/","name":"No te lo tomes personal - Juanjo Su\u00e1rez","isPartOf":{"@id":"https:\/\/juanjosuarez.life\/en\/#website"},"primaryImageOfPage":{"@id":"https:\/\/juanjosuarez.life\/en\/no-te-lo-tomes-personal\/#primaryimage"},"image":{"@id":"https:\/\/juanjosuarez.life\/en\/no-te-lo-tomes-personal\/#primaryimage"},"thumbnailUrl":"https:\/\/juanjosuarez.life\/wp-content\/uploads\/2024\/02\/image.webp","datePublished":"2024-02-16T16:08:51+00:00","dateModified":"2024-02-16T16:10:03+00:00","author":{"@id":"https:\/\/juanjosuarez.life\/en\/#\/schema\/person\/85d74d905b29a0ee095fbc68f4b66cd0"},"breadcrumb":{"@id":"https:\/\/juanjosuarez.life\/en\/no-te-lo-tomes-personal\/#breadcrumb"},"inLanguage":"en-GB","potentialAction":[{"@type":"ReadAction","target":["https:\/\/juanjosuarez.life\/en\/no-te-lo-tomes-personal\/"]}]},{"@type":"ImageObject","inLanguage":"en-GB","@id":"https:\/\/juanjosuarez.life\/en\/no-te-lo-tomes-personal\/#primaryimage","url":"https:\/\/juanjosuarez.life\/wp-content\/uploads\/2024\/02\/image.webp","contentUrl":"https:\/\/juanjosuarez.life\/wp-content\/uploads\/2024\/02\/image.webp","width":979,"height":1024},{"@type":"BreadcrumbList","@id":"https:\/\/juanjosuarez.life\/en\/no-te-lo-tomes-personal\/#breadcrumb","itemListElement":[{"@type":"ListItem","position":1,"name":"Juanjo Su\u00e1rez","item":"https:\/\/juanjosuarez.life\/en\/"},{"@type":"ListItem","position":2,"name":"No te lo tomes personal"}]},{"@type":"WebSite","@id":"https:\/\/juanjosuarez.life\/en\/#website","url":"https:\/\/juanjosuarez.life\/en\/","name":"Juanjo Su\u00e1rez","description":"Juan Jos\u00e9 Su\u00e1rez Vinueza, o Juanjo, como fui conocido desde mi infancia, nacido en Cuenca-Ecuador. Mi formaci\u00f3n me hacia pensar el cuerpo como la estructura que nos dirige. A los 33 a\u00f1os, entr\u00e9 en el camino del desarrollo personal, por una invitaci\u00f3n de la vida para corregir \u00e1reas de mi vida con las que no estaba conforme. Y pude descubrir que para recuperar tu salud, primero tienes que recuperarte a ti mismo. Fisioterapeuta de profesi\u00f3n, llevo ejerciendo desde el a\u00f1o 2007, tiempo en el que me he ido formado y capacitando para dar cada vez un mejor servicio a la comunidad.","potentialAction":[{"@type":"SearchAction","target":{"@type":"EntryPoint","urlTemplate":"https:\/\/juanjosuarez.life\/en\/?s={search_term_string}"},"query-input":"required name=search_term_string"}],"inLanguage":"en-GB"},{"@type":"Person","@id":"https:\/\/juanjosuarez.life\/en\/#\/schema\/person\/85d74d905b29a0ee095fbc68f4b66cd0","name":"evelyn_mcm","image":{"@type":"ImageObject","inLanguage":"en-GB","@id":"https:\/\/juanjosuarez.life\/en\/#\/schema\/person\/image\/","url":"https:\/\/secure.gravatar.com\/avatar\/e5976c405a87520c568ea00166d5badc844cccf3c58e624e2323f6fc1304b516?s=96&d=mm&r=g","contentUrl":"https:\/\/secure.gravatar.com\/avatar\/e5976c405a87520c568ea00166d5badc844cccf3c58e624e2323f6fc1304b516?s=96&d=mm&r=g","caption":"evelyn_mcm"},"sameAs":["https:\/\/juanjosuarez.life"],"url":"https:\/\/juanjosuarez.life\/en\/author\/evelyn_mcm\/"}]}},"_links":{"self":[{"href":"https:\/\/juanjosuarez.life\/en\/wp-json\/wp\/v2\/posts\/50682","targetHints":{"allow":["GET"]}}],"collection":[{"href":"https:\/\/juanjosuarez.life\/en\/wp-json\/wp\/v2\/posts"}],"about":[{"href":"https:\/\/juanjosuarez.life\/en\/wp-json\/wp\/v2\/types\/post"}],"author":[{"embeddable":true,"href":"https:\/\/juanjosuarez.life\/en\/wp-json\/wp\/v2\/users\/1"}],"replies":[{"embeddable":true,"href":"https:\/\/juanjosuarez.life\/en\/wp-json\/wp\/v2\/comments?post=50682"}],"version-history":[{"count":3,"href":"https:\/\/juanjosuarez.life\/en\/wp-json\/wp\/v2\/posts\/50682\/revisions"}],"predecessor-version":[{"id":50686,"href":"https:\/\/juanjosuarez.life\/en\/wp-json\/wp\/v2\/posts\/50682\/revisions\/50686"}],"wp:featuredmedia":[{"embeddable":true,"href":"https:\/\/juanjosuarez.life\/en\/wp-json\/wp\/v2\/media\/50685"}],"wp:attachment":[{"href":"https:\/\/juanjosuarez.life\/en\/wp-json\/wp\/v2\/media?parent=50682"}],"wp:term":[{"taxonomy":"category","embeddable":true,"href":"https:\/\/juanjosuarez.life\/en\/wp-json\/wp\/v2\/categories?post=50682"},{"taxonomy":"post_tag","embeddable":true,"href":"https:\/\/juanjosuarez.life\/en\/wp-json\/wp\/v2\/tags?post=50682"}],"curies":[{"name":"wp","href":"https:\/\/api.w.org\/{rel}","templated":true}]}}