{"id":50689,"date":"2024-02-16T17:16:06","date_gmt":"2024-02-16T16:16:06","guid":{"rendered":"https:\/\/juanjosuarez.life\/?p=50689"},"modified":"2024-02-16T17:18:39","modified_gmt":"2024-02-16T16:18:39","slug":"renacer-en-la-consciencia","status":"publish","type":"post","link":"https:\/\/juanjosuarez.life\/en\/renacer-en-la-consciencia\/","title":{"rendered":"Renacer en la consciencia"},"content":{"rendered":"<div class=\"wpb-content-wrapper\">\n<div class=\"vc_row wpb_row vc_row-fluid\">\n\t\t<div class=\"wpb_column vc_column_container vc_col-sm-8\"><div class=\"vc_column-inner\"><div class=\"wpb_wrapper\">\n\t<div  class=\"wpb_single_image wpb_content_element vc_align_center\">\n\t\t\n\t\t<figure class=\"wpb_wrapper vc_figure\">\n\t\t\t<div class=\"vc_single_image-wrapper   vc_box_border_grey\"><img fetchpriority=\"high\" decoding=\"async\" width=\"1024\" height=\"768\" src=\"https:\/\/juanjosuarez.life\/wp-content\/uploads\/2024\/02\/img_2943-2.webp\" class=\"vc_single_image-img attachment-full\" alt=\"\" title=\"img_2943\" srcset=\"https:\/\/juanjosuarez.life\/wp-content\/uploads\/2024\/02\/img_2943-2.webp 1024w, https:\/\/juanjosuarez.life\/wp-content\/uploads\/2024\/02\/img_2943-2-300x225.webp 300w, https:\/\/juanjosuarez.life\/wp-content\/uploads\/2024\/02\/img_2943-2-768x576.webp 768w, https:\/\/juanjosuarez.life\/wp-content\/uploads\/2024\/02\/img_2943-2-600x450.webp 600w\" sizes=\"(max-width: 1024px) 100vw, 1024px\" \/><\/div>\n\t\t<\/figure>\n\t<\/div>\n\n<div class=\"a4d3604fc3579dce4c600fc3320434a7f vc_empty_space\"\n         style=\"height: 32px\" >\n    <span class=\"vc_empty_space_inner\"><\/span>\n<\/div>\n\n\t<div class=\"wpb_text_column wpb_content_element\" >\n\t\t<div class=\"wpb_wrapper\">\n\t\t\t<blockquote>\n<p>Se el pensador que est\u00e1 detr\u00e1s del pensamiento.<\/p>\n<\/blockquote>\n\n\t\t<\/div>\n\t<\/div>\n\n\t<div class=\"wpb_text_column wpb_content_element\" >\n\t\t<div class=\"wpb_wrapper\">\n\t\t\t<p>Hola. Luego de muchos a\u00f1os ausente he decidido retomar este blog, que tanto tiempo lo he tenido descuidado -o al menos eso pensaba- no entraba desde 2014 no publiqu\u00e9 nada por 6 a\u00f1os, ahora entiendo que no fue descuido, fue transformaci\u00f3n, mutaci\u00f3n, un ciclo de 28 a\u00f1os que termin\u00f3 y hoy empieza uno nuevo.<\/p>\n\n\t\t<\/div>\n\t<\/div>\n\n\t<div class=\"wpb_text_column wpb_content_element\" >\n\t\t<div class=\"wpb_wrapper\">\n\t\t\t<p>Decid\u00ed escribir para mi, decid\u00ed empezar de nuevo por mi, decid\u00ed volver por aqu\u00ed por mi, y decid\u00ed borrar el contenido anterior de este blog, porque en este camino he aprendido mucho, y verdades que antes cre\u00eda absolutas resulta que no lo fueron. Y este ejerci\u00f3 me ha permitido situarme aqu\u00ed, y entender que as\u00ed como se puede borrar el contenido de este blog, que ya no sirve, puedo hacer lo mismo con mi sistema de creencias.<\/p>\n\n\t\t<\/div>\n\t<\/div>\n\n\t<div class=\"wpb_text_column wpb_content_element\" >\n\t\t<div class=\"wpb_wrapper\">\n\t\t\t<p>Y volver a empezar. \u201cCaminen su camino, descubran su verdad y vivan su vida\u201d.<\/p>\n<p>Hoy esto es lo que escribo, ma\u00f1ana quien sabe, se caer\u00e1 otra verdad, y nacer\u00e1 una nueva hip\u00f3tesis que habr\u00e1 que someter a la respectiva vivencia y confirmaci\u00f3n.<\/p>\n\n\t\t<\/div>\n\t<\/div>\n<\/div><\/div><\/div><div class=\"wpb_column vc_column_container vc_col-sm-4\"><div class=\"vc_column-inner\"><div class=\"wpb_wrapper\"><div  class=\"wpb_widgetised_column wpb_content_element\">\n\t\t<div class=\"wpb_wrapper\">\n\t\t\t\n\t\t\t<aside id=\"stm_recent_posts-3\" class=\"widget widget_stm_recent_posts\"><div class=\"widget_title\"><h3>Entradas Recientes<\/h3><\/div>\t\t\t                <div class=\"widget_media clearfix widget_media_style_1\">\n\t\t\t\t\t<a href=\"https:\/\/juanjosuarez.life\/en\/renacer-en-la-consciencia\/\">\n\t\t\t<img decoding=\"async\" width=\"63\" height=\"50\" src=\"https:\/\/juanjosuarez.life\/wp-content\/uploads\/2024\/02\/img_2943-1-63x50.webp\" class=\"img-responsive wp-post-image\" alt=\"\" srcset=\"https:\/\/juanjosuarez.life\/wp-content\/uploads\/2024\/02\/img_2943-1-63x50.webp 63w, https:\/\/juanjosuarez.life\/wp-content\/uploads\/2024\/02\/img_2943-1-480x380.webp 480w, https:\/\/juanjosuarez.life\/wp-content\/uploads\/2024\/02\/img_2943-1-16x12.webp 16w\" sizes=\"(max-width: 63px) 100vw, 63px\" \/>\t\t<span class=\"h6\">Renacer en la consciencia<\/span>\n<\/a>\n\t<div class=\"cats_w\">\n\t\t\t\t\t<a href=\"https:\/\/juanjosuarez.life\/en\/category\/quebrando-cascarones\/\">\n                Quebrando Cascarones            <\/a><span class=\"comma\">,<\/span>\n\t\t\t<\/div>\n                <\/div>\n\t\t\t                <div class=\"widget_media clearfix widget_media_style_1\">\n\t\t\t\t\t<a href=\"https:\/\/juanjosuarez.life\/en\/no-te-lo-tomes-personal\/\">\n\t\t\t<img decoding=\"async\" width=\"63\" height=\"50\" src=\"https:\/\/juanjosuarez.life\/wp-content\/uploads\/2024\/02\/image-63x50.webp\" class=\"img-responsive wp-post-image\" alt=\"\" srcset=\"https:\/\/juanjosuarez.life\/wp-content\/uploads\/2024\/02\/image-63x50.webp 63w, https:\/\/juanjosuarez.life\/wp-content\/uploads\/2024\/02\/image-979x800.webp 979w, https:\/\/juanjosuarez.life\/wp-content\/uploads\/2024\/02\/image-480x380.webp 480w\" sizes=\"(max-width: 63px) 100vw, 63px\" \/>\t\t<span class=\"h6\">No te lo tomes personal<\/span>\n<\/a>\n\t<div class=\"cats_w\">\n\t\t\t\t\t<a href=\"https:\/\/juanjosuarez.life\/en\/category\/quebrando-cascarones\/\">\n                Quebrando Cascarones            <\/a><span class=\"comma\">,<\/span>\n\t\t\t<\/div>\n                <\/div>\n\t\t\t                <div class=\"widget_media clearfix widget_media_style_1\">\n\t\t\t\t\t<a href=\"https:\/\/juanjosuarez.life\/en\/estamos-luchando-por-la-humanidad-o-se-activo-nuestro-instinto-de-supervivencia\/\">\n\t\t\t<img loading=\"lazy\" decoding=\"async\" width=\"63\" height=\"50\" src=\"https:\/\/juanjosuarez.life\/wp-content\/uploads\/2024\/02\/img_5111-63x50.jpg\" class=\"img-responsive wp-post-image\" alt=\"\" srcset=\"https:\/\/juanjosuarez.life\/wp-content\/uploads\/2024\/02\/img_5111-63x50.jpg 63w, https:\/\/juanjosuarez.life\/wp-content\/uploads\/2024\/02\/img_5111-480x380.jpg 480w\" sizes=\"(max-width: 63px) 100vw, 63px\" \/>\t\t<span class=\"h6\">\u00bfEstamos luchando por la Humanidad o s\u00e9 activo nuestro instinto de supervivencia?<\/span>\n<\/a>\n\t<div class=\"cats_w\">\n\t\t\t\t\t<a href=\"https:\/\/juanjosuarez.life\/en\/category\/quebrando-cascarones\/\">\n                Quebrando Cascarones            <\/a><span class=\"comma\">,<\/span>\n\t\t\t<\/div>\n                <\/div>\n\t\t\t\t\t\t\t\t<\/aside><aside id=\"block-11\" class=\"widget widget_block widget_text\">\n<p><strong>Juan Jos\u00e9 Su\u00e1rez Vinueza<\/strong>, o Juanjo, como fui conocido desde mi infancia, nacido en Cuenca-Ecuador. Con 36 a\u00f1os, entre en el camino del desarrollo personal desde hace 4 a\u00f1os y pude descubrir que para recuperar tu salud, primero tienes que recuperarte a ti mismo. Fisioterapeuta de profesi\u00f3n, desde hace 14 a\u00f1os, tiempo en el que me he ido formado y capacitando para dar cada vez un mejor servicio a la comunidad.<\/p>\n<\/aside><aside id=\"search-2\" class=\"widget widget_search\"><div class=\"widget_title\"><h3>B\u00fasqueda<\/h3><\/div><form role=\"search\" method=\"get\" class=\"search-form\" action=\"\/en\/\" data-trp-original-action=\"https:\/\/juanjosuarez.life\/en\/\">\n\t\t\t\t<label>\n\t\t\t\t\t<span class=\"screen-reader-text\">Search for:<\/span>\n\t\t\t\t\t<input type=\"search\" class=\"search-field\" placeholder=\"Search &hellip;\" value=\"\" name=\"s\" \/>\n\t\t\t\t<\/label>\n\t\t\t\t<input type=\"submit\" class=\"search-submit\" value=\"Search\" \/>\n\t\t\t<input type=\"hidden\" name=\"trp-form-language\" value=\"en\"\/><\/form><\/aside>\n\t\t<\/div>\n\t<\/div>\n<\/div><\/div><\/div><\/div>\n\n<\/div>","protected":false},"excerpt":{"rendered":"Creas lo que crees. \u00bfEn qu\u00e9 mundo quieres vivir? El momento que vivimos hoy, me ha llevado a pensar en algunas cosas, que las escribo para poderlas compartir. No hace falta ser un erudito en el tema, para darnos cuenta que lo que esta pasando hoy en d\u00eda, con esto del virus y del aislamiento, [...]","protected":false},"author":1,"featured_media":50691,"comment_status":"open","ping_status":"open","sticky":false,"template":"","format":"standard","meta":{"_acf_changed":false,"pmpro_default_level":0,"footnotes":""},"categories":[97],"tags":[],"class_list":["post-50689","post","type-post","status-publish","format-standard","has-post-thumbnail","hentry","category-quebrando-cascarones","pmpro-has-access"],"acf":[],"yoast_head":"<!-- This site is optimized with the Yoast SEO plugin v22.2 - https:\/\/yoast.com\/wordpress\/plugins\/seo\/ -->\n<title>Renacer en la consciencia - Juanjo Su\u00e1rez<\/title>\n<meta name=\"robots\" content=\"index, follow, max-snippet:-1, max-image-preview:large, max-video-preview:-1\" \/>\n<link rel=\"canonical\" href=\"https:\/\/juanjosuarez.life\/en\/renacer-en-la-consciencia\/\" \/>\n<meta property=\"og:locale\" content=\"en_GB\" \/>\n<meta property=\"og:type\" content=\"article\" \/>\n<meta property=\"og:title\" content=\"Renacer en la consciencia - Juanjo Su\u00e1rez\" \/>\n<meta property=\"og:url\" content=\"https:\/\/juanjosuarez.life\/en\/renacer-en-la-consciencia\/\" \/>\n<meta property=\"og:site_name\" content=\"Juanjo Su\u00e1rez\" \/>\n<meta property=\"article:published_time\" content=\"2024-02-16T16:16:06+00:00\" \/>\n<meta property=\"article:modified_time\" content=\"2024-02-16T16:18:39+00:00\" \/>\n<meta property=\"og:image\" content=\"https:\/\/juanjosuarez.life\/wp-content\/uploads\/2024\/02\/img_2943-1.webp\" \/>\n\t<meta property=\"og:image:width\" content=\"1024\" \/>\n\t<meta property=\"og:image:height\" content=\"768\" \/>\n\t<meta property=\"og:image:type\" content=\"image\/webp\" \/>\n<meta name=\"author\" content=\"evelyn_mcm\" \/>\n<meta name=\"twitter:card\" content=\"summary_large_image\" \/>\n<script type=\"application\/ld+json\" class=\"yoast-schema-graph\">{\"@context\":\"https:\/\/schema.org\",\"@graph\":[{\"@type\":\"WebPage\",\"@id\":\"https:\/\/juanjosuarez.life\/en\/renacer-en-la-consciencia\/\",\"url\":\"https:\/\/juanjosuarez.life\/en\/renacer-en-la-consciencia\/\",\"name\":\"Renacer en la consciencia - Juanjo Su\u00e1rez\",\"isPartOf\":{\"@id\":\"https:\/\/juanjosuarez.life\/en\/#website\"},\"primaryImageOfPage\":{\"@id\":\"https:\/\/juanjosuarez.life\/en\/renacer-en-la-consciencia\/#primaryimage\"},\"image\":{\"@id\":\"https:\/\/juanjosuarez.life\/en\/renacer-en-la-consciencia\/#primaryimage\"},\"thumbnailUrl\":\"https:\/\/juanjosuarez.life\/wp-content\/uploads\/2024\/02\/img_2943-1.webp\",\"datePublished\":\"2024-02-16T16:16:06+00:00\",\"dateModified\":\"2024-02-16T16:18:39+00:00\",\"author\":{\"@id\":\"https:\/\/juanjosuarez.life\/en\/#\/schema\/person\/85d74d905b29a0ee095fbc68f4b66cd0\"},\"breadcrumb\":{\"@id\":\"https:\/\/juanjosuarez.life\/en\/renacer-en-la-consciencia\/#breadcrumb\"},\"inLanguage\":\"en-GB\",\"potentialAction\":[{\"@type\":\"ReadAction\",\"target\":[\"https:\/\/juanjosuarez.life\/en\/renacer-en-la-consciencia\/\"]}]},{\"@type\":\"ImageObject\",\"inLanguage\":\"en-GB\",\"@id\":\"https:\/\/juanjosuarez.life\/en\/renacer-en-la-consciencia\/#primaryimage\",\"url\":\"https:\/\/juanjosuarez.life\/wp-content\/uploads\/2024\/02\/img_2943-1.webp\",\"contentUrl\":\"https:\/\/juanjosuarez.life\/wp-content\/uploads\/2024\/02\/img_2943-1.webp\",\"width\":1024,\"height\":768},{\"@type\":\"BreadcrumbList\",\"@id\":\"https:\/\/juanjosuarez.life\/en\/renacer-en-la-consciencia\/#breadcrumb\",\"itemListElement\":[{\"@type\":\"ListItem\",\"position\":1,\"name\":\"Juanjo Su\u00e1rez\",\"item\":\"https:\/\/juanjosuarez.life\/en\/\"},{\"@type\":\"ListItem\",\"position\":2,\"name\":\"Renacer en la consciencia\"}]},{\"@type\":\"WebSite\",\"@id\":\"https:\/\/juanjosuarez.life\/en\/#website\",\"url\":\"https:\/\/juanjosuarez.life\/en\/\",\"name\":\"Juanjo Su\u00e1rez\",\"description\":\"Juan Jos\u00e9 Su\u00e1rez Vinueza, o Juanjo, como fui conocido desde mi infancia, nacido en Cuenca-Ecuador. Mi formaci\u00f3n me hacia pensar el cuerpo como la estructura que nos dirige. A los 33 a\u00f1os, entr\u00e9 en el camino del desarrollo personal, por una invitaci\u00f3n de la vida para corregir \u00e1reas de mi vida con las que no estaba conforme. Y pude descubrir que para recuperar tu salud, primero tienes que recuperarte a ti mismo. Fisioterapeuta de profesi\u00f3n, llevo ejerciendo desde el a\u00f1o 2007, tiempo en el que me he ido formado y capacitando para dar cada vez un mejor servicio a la comunidad.\",\"potentialAction\":[{\"@type\":\"SearchAction\",\"target\":{\"@type\":\"EntryPoint\",\"urlTemplate\":\"https:\/\/juanjosuarez.life\/en\/?s={search_term_string}\"},\"query-input\":\"required name=search_term_string\"}],\"inLanguage\":\"en-GB\"},{\"@type\":\"Person\",\"@id\":\"https:\/\/juanjosuarez.life\/en\/#\/schema\/person\/85d74d905b29a0ee095fbc68f4b66cd0\",\"name\":\"evelyn_mcm\",\"image\":{\"@type\":\"ImageObject\",\"inLanguage\":\"en-GB\",\"@id\":\"https:\/\/juanjosuarez.life\/en\/#\/schema\/person\/image\/\",\"url\":\"https:\/\/secure.gravatar.com\/avatar\/e5976c405a87520c568ea00166d5badc844cccf3c58e624e2323f6fc1304b516?s=96&d=mm&r=g\",\"contentUrl\":\"https:\/\/secure.gravatar.com\/avatar\/e5976c405a87520c568ea00166d5badc844cccf3c58e624e2323f6fc1304b516?s=96&d=mm&r=g\",\"caption\":\"evelyn_mcm\"},\"sameAs\":[\"https:\/\/juanjosuarez.life\"],\"url\":\"https:\/\/juanjosuarez.life\/en\/author\/evelyn_mcm\/\"}]}<\/script>\n<!-- \/ Yoast SEO plugin. -->","yoast_head_json":{"title":"Renacer en la consciencia - Juanjo Su\u00e1rez","robots":{"index":"index","follow":"follow","max-snippet":"max-snippet:-1","max-image-preview":"max-image-preview:large","max-video-preview":"max-video-preview:-1"},"canonical":"https:\/\/juanjosuarez.life\/en\/renacer-en-la-consciencia\/","og_locale":"en_GB","og_type":"article","og_title":"Renacer en la consciencia - Juanjo Su\u00e1rez","og_url":"https:\/\/juanjosuarez.life\/en\/renacer-en-la-consciencia\/","og_site_name":"Juanjo Su\u00e1rez","article_published_time":"2024-02-16T16:16:06+00:00","article_modified_time":"2024-02-16T16:18:39+00:00","og_image":[{"width":1024,"height":768,"url":"https:\/\/juanjosuarez.life\/wp-content\/uploads\/2024\/02\/img_2943-1.webp","type":"image\/webp"}],"author":"evelyn_mcm","twitter_card":"summary_large_image","schema":{"@context":"https:\/\/schema.org","@graph":[{"@type":"WebPage","@id":"https:\/\/juanjosuarez.life\/en\/renacer-en-la-consciencia\/","url":"https:\/\/juanjosuarez.life\/en\/renacer-en-la-consciencia\/","name":"Renacer en la consciencia - Juanjo Su\u00e1rez","isPartOf":{"@id":"https:\/\/juanjosuarez.life\/en\/#website"},"primaryImageOfPage":{"@id":"https:\/\/juanjosuarez.life\/en\/renacer-en-la-consciencia\/#primaryimage"},"image":{"@id":"https:\/\/juanjosuarez.life\/en\/renacer-en-la-consciencia\/#primaryimage"},"thumbnailUrl":"https:\/\/juanjosuarez.life\/wp-content\/uploads\/2024\/02\/img_2943-1.webp","datePublished":"2024-02-16T16:16:06+00:00","dateModified":"2024-02-16T16:18:39+00:00","author":{"@id":"https:\/\/juanjosuarez.life\/en\/#\/schema\/person\/85d74d905b29a0ee095fbc68f4b66cd0"},"breadcrumb":{"@id":"https:\/\/juanjosuarez.life\/en\/renacer-en-la-consciencia\/#breadcrumb"},"inLanguage":"en-GB","potentialAction":[{"@type":"ReadAction","target":["https:\/\/juanjosuarez.life\/en\/renacer-en-la-consciencia\/"]}]},{"@type":"ImageObject","inLanguage":"en-GB","@id":"https:\/\/juanjosuarez.life\/en\/renacer-en-la-consciencia\/#primaryimage","url":"https:\/\/juanjosuarez.life\/wp-content\/uploads\/2024\/02\/img_2943-1.webp","contentUrl":"https:\/\/juanjosuarez.life\/wp-content\/uploads\/2024\/02\/img_2943-1.webp","width":1024,"height":768},{"@type":"BreadcrumbList","@id":"https:\/\/juanjosuarez.life\/en\/renacer-en-la-consciencia\/#breadcrumb","itemListElement":[{"@type":"ListItem","position":1,"name":"Juanjo Su\u00e1rez","item":"https:\/\/juanjosuarez.life\/en\/"},{"@type":"ListItem","position":2,"name":"Renacer en la consciencia"}]},{"@type":"WebSite","@id":"https:\/\/juanjosuarez.life\/en\/#website","url":"https:\/\/juanjosuarez.life\/en\/","name":"Juanjo Su\u00e1rez","description":"Juan Jos\u00e9 Su\u00e1rez Vinueza, o Juanjo, como fui conocido desde mi infancia, nacido en Cuenca-Ecuador. Mi formaci\u00f3n me hacia pensar el cuerpo como la estructura que nos dirige. A los 33 a\u00f1os, entr\u00e9 en el camino del desarrollo personal, por una invitaci\u00f3n de la vida para corregir \u00e1reas de mi vida con las que no estaba conforme. Y pude descubrir que para recuperar tu salud, primero tienes que recuperarte a ti mismo. Fisioterapeuta de profesi\u00f3n, llevo ejerciendo desde el a\u00f1o 2007, tiempo en el que me he ido formado y capacitando para dar cada vez un mejor servicio a la comunidad.","potentialAction":[{"@type":"SearchAction","target":{"@type":"EntryPoint","urlTemplate":"https:\/\/juanjosuarez.life\/en\/?s={search_term_string}"},"query-input":"required name=search_term_string"}],"inLanguage":"en-GB"},{"@type":"Person","@id":"https:\/\/juanjosuarez.life\/en\/#\/schema\/person\/85d74d905b29a0ee095fbc68f4b66cd0","name":"evelyn_mcm","image":{"@type":"ImageObject","inLanguage":"en-GB","@id":"https:\/\/juanjosuarez.life\/en\/#\/schema\/person\/image\/","url":"https:\/\/secure.gravatar.com\/avatar\/e5976c405a87520c568ea00166d5badc844cccf3c58e624e2323f6fc1304b516?s=96&d=mm&r=g","contentUrl":"https:\/\/secure.gravatar.com\/avatar\/e5976c405a87520c568ea00166d5badc844cccf3c58e624e2323f6fc1304b516?s=96&d=mm&r=g","caption":"evelyn_mcm"},"sameAs":["https:\/\/juanjosuarez.life"],"url":"https:\/\/juanjosuarez.life\/en\/author\/evelyn_mcm\/"}]}},"_links":{"self":[{"href":"https:\/\/juanjosuarez.life\/en\/wp-json\/wp\/v2\/posts\/50689","targetHints":{"allow":["GET"]}}],"collection":[{"href":"https:\/\/juanjosuarez.life\/en\/wp-json\/wp\/v2\/posts"}],"about":[{"href":"https:\/\/juanjosuarez.life\/en\/wp-json\/wp\/v2\/types\/post"}],"author":[{"embeddable":true,"href":"https:\/\/juanjosuarez.life\/en\/wp-json\/wp\/v2\/users\/1"}],"replies":[{"embeddable":true,"href":"https:\/\/juanjosuarez.life\/en\/wp-json\/wp\/v2\/comments?post=50689"}],"version-history":[{"count":3,"href":"https:\/\/juanjosuarez.life\/en\/wp-json\/wp\/v2\/posts\/50689\/revisions"}],"predecessor-version":[{"id":50694,"href":"https:\/\/juanjosuarez.life\/en\/wp-json\/wp\/v2\/posts\/50689\/revisions\/50694"}],"wp:featuredmedia":[{"embeddable":true,"href":"https:\/\/juanjosuarez.life\/en\/wp-json\/wp\/v2\/media\/50691"}],"wp:attachment":[{"href":"https:\/\/juanjosuarez.life\/en\/wp-json\/wp\/v2\/media?parent=50689"}],"wp:term":[{"taxonomy":"category","embeddable":true,"href":"https:\/\/juanjosuarez.life\/en\/wp-json\/wp\/v2\/categories?post=50689"},{"taxonomy":"post_tag","embeddable":true,"href":"https:\/\/juanjosuarez.life\/en\/wp-json\/wp\/v2\/tags?post=50689"}],"curies":[{"name":"wp","href":"https:\/\/api.w.org\/{rel}","templated":true}]}}